{"id":2003,"date":"2022-09-21T08:24:59","date_gmt":"2021-08-22T09:02:51","guid":{"rendered":"https:\/\/tagderclubkultur.berlin\/eventtitel-7\/"},"modified":"2022-09-29T08:32:08","modified_gmt":"2022-09-29T08:32:08","slug":"arabs-do-it-better","status":"publish","type":"post","link":"https:\/\/2022.tagderclubkultur.berlin\/en\/arabs-do-it-better\/","title":{"rendered":"Kultur Fest 2022 \u0645\u0647\u0631\u062c\u0627\u0646 \u062b\u0642\u0627\u0641\u064a"},"content":{"rendered":"","protected":false},"excerpt":{"rendered":"","protected":false},"author":1,"featured_media":1977,"comment_status":"closed","ping_status":"closed","sticky":false,"template":"","format":"standard","meta":{"inline_featured_image":false},"categories":[20],"tags":[],"class_list":["post-2003","post","type-post","status-publish","has-post-thumbnail","hentry","category-08-10"],"yoast_head":"<!-- This site is optimized with the Yoast SEO plugin v27.4 - https:\/\/yoast.com\/product\/yoast-seo-wordpress\/ -->\n<title>Kultur Fest 2022 \u0645\u0647\u0631\u062c\u0627\u0646 \u062b\u0642\u0627\u0641\u064a - TAG DER CLUBKULTUR<\/title>\n<meta name=\"robots\" content=\"index, follow, max-snippet:-1, max-image-preview:large, max-video-preview:-1\" \/>\n<link rel=\"canonical\" href=\"https:\/\/2022.tagderclubkultur.berlin\/en\/arabs-do-it-better\/\" \/>\n<meta property=\"og:locale\" content=\"de_DE\" \/>\n<meta property=\"og:type\" content=\"article\" \/>\n<meta property=\"og:title\" content=\"Kultur Fest 2022 \u0645\u0647\u0631\u062c\u0627\u0646 \u062b\u0642\u0627\u0641\u064a - TAG DER CLUBKULTUR\" \/>\n<meta property=\"og:url\" content=\"https:\/\/2022.tagderclubkultur.berlin\/en\/arabs-do-it-better\/\" \/>\n<meta property=\"og:site_name\" content=\"TAG DER CLUBKULTUR\" \/>\n<meta property=\"article:published_time\" content=\"2021-08-22T09:02:51+00:00\" \/>\n<meta property=\"article:modified_time\" content=\"2022-09-29T08:32:08+00:00\" \/>\n<meta property=\"og:image\" content=\"https:\/\/2022.tagderclubkultur.berlin\/wp-content\/uploads\/sites\/20\/2022\/09\/tdc-cover-17.png\" \/>\n\t<meta property=\"og:image:width\" content=\"1000\" \/>\n\t<meta property=\"og:image:height\" content=\"1000\" \/>\n\t<meta property=\"og:image:type\" content=\"image\/png\" \/>\n<meta name=\"author\" content=\"Marco Herzog\" \/>\n<meta name=\"twitter:card\" content=\"summary_large_image\" \/>\n<meta name=\"twitter:label1\" content=\"Verfasst von\" \/>\n\t<meta name=\"twitter:data1\" content=\"Marco Herzog\" \/>\n<script type=\"application\/ld+json\" class=\"yoast-schema-graph\">{\"@context\":\"https:\\\/\\\/schema.org\",\"@graph\":[{\"@type\":\"Article\",\"@id\":\"https:\\\/\\\/2022.tagderclubkultur.berlin\\\/en\\\/arabs-do-it-better\\\/#article\",\"isPartOf\":{\"@id\":\"https:\\\/\\\/2022.tagderclubkultur.berlin\\\/en\\\/arabs-do-it-better\\\/\"},\"author\":{\"name\":\"Marco Herzog\",\"@id\":\"https:\\\/\\\/2022.tagderclubkultur.berlin\\\/#\\\/schema\\\/person\\\/fa1aa11d81bb56220db2870c56ddbb72\"},\"headline\":\"Kultur Fest 2022 \u0645\u0647\u0631\u062c\u0627\u0646 \u062b\u0642\u0627\u0641\u064a\",\"datePublished\":\"2021-08-22T09:02:51+00:00\",\"dateModified\":\"2022-09-29T08:32:08+00:00\",\"mainEntityOfPage\":{\"@id\":\"https:\\\/\\\/2022.tagderclubkultur.berlin\\\/en\\\/arabs-do-it-better\\\/\"},\"wordCount\":2,\"image\":{\"@id\":\"https:\\\/\\\/2022.tagderclubkultur.berlin\\\/en\\\/arabs-do-it-better\\\/#primaryimage\"},\"thumbnailUrl\":\"https:\\\/\\\/2022.tagderclubkultur.berlin\\\/wp-content\\\/uploads\\\/sites\\\/20\\\/2022\\\/09\\\/tdc-cover-17.png\",\"articleSection\":[\"08.10.\"],\"inLanguage\":\"de\"},{\"@type\":\"WebPage\",\"@id\":\"https:\\\/\\\/2022.tagderclubkultur.berlin\\\/en\\\/arabs-do-it-better\\\/\",\"url\":\"https:\\\/\\\/2022.tagderclubkultur.berlin\\\/en\\\/arabs-do-it-better\\\/\",\"name\":\"Kultur Fest 2022 \u0645\u0647\u0631\u062c\u0627\u0646 \u062b\u0642\u0627\u0641\u064a - TAG DER CLUBKULTUR\",\"isPartOf\":{\"@id\":\"https:\\\/\\\/2022.tagderclubkultur.berlin\\\/#website\"},\"primaryImageOfPage\":{\"@id\":\"https:\\\/\\\/2022.tagderclubkultur.berlin\\\/en\\\/arabs-do-it-better\\\/#primaryimage\"},\"image\":{\"@id\":\"https:\\\/\\\/2022.tagderclubkultur.berlin\\\/en\\\/arabs-do-it-better\\\/#primaryimage\"},\"thumbnailUrl\":\"https:\\\/\\\/2022.tagderclubkultur.berlin\\\/wp-content\\\/uploads\\\/sites\\\/20\\\/2022\\\/09\\\/tdc-cover-17.png\",\"datePublished\":\"2021-08-22T09:02:51+00:00\",\"dateModified\":\"2022-09-29T08:32:08+00:00\",\"author\":{\"@id\":\"https:\\\/\\\/2022.tagderclubkultur.berlin\\\/#\\\/schema\\\/person\\\/fa1aa11d81bb56220db2870c56ddbb72\"},\"breadcrumb\":{\"@id\":\"https:\\\/\\\/2022.tagderclubkultur.berlin\\\/en\\\/arabs-do-it-better\\\/#breadcrumb\"},\"inLanguage\":\"de\",\"potentialAction\":[{\"@type\":\"ReadAction\",\"target\":[\"https:\\\/\\\/2022.tagderclubkultur.berlin\\\/en\\\/arabs-do-it-better\\\/\"]}]},{\"@type\":\"ImageObject\",\"inLanguage\":\"de\",\"@id\":\"https:\\\/\\\/2022.tagderclubkultur.berlin\\\/en\\\/arabs-do-it-better\\\/#primaryimage\",\"url\":\"https:\\\/\\\/2022.tagderclubkultur.berlin\\\/wp-content\\\/uploads\\\/sites\\\/20\\\/2022\\\/09\\\/tdc-cover-17.png\",\"contentUrl\":\"https:\\\/\\\/2022.tagderclubkultur.berlin\\\/wp-content\\\/uploads\\\/sites\\\/20\\\/2022\\\/09\\\/tdc-cover-17.png\",\"width\":1000,\"height\":1000},{\"@type\":\"BreadcrumbList\",\"@id\":\"https:\\\/\\\/2022.tagderclubkultur.berlin\\\/en\\\/arabs-do-it-better\\\/#breadcrumb\",\"itemListElement\":[{\"@type\":\"ListItem\",\"position\":1,\"name\":\"Home\",\"item\":\"https:\\\/\\\/2022.tagderclubkultur.berlin\\\/\"},{\"@type\":\"ListItem\",\"position\":2,\"name\":\"Kultur Fest 2022 \u0645\u0647\u0631\u062c\u0627\u0646 \u062b\u0642\u0627\u0641\u064a\"}]},{\"@type\":\"WebSite\",\"@id\":\"https:\\\/\\\/2022.tagderclubkultur.berlin\\\/#website\",\"url\":\"https:\\\/\\\/2022.tagderclubkultur.berlin\\\/\",\"name\":\"TAG DER CLUBKULTUR\",\"description\":\"\",\"potentialAction\":[{\"@type\":\"SearchAction\",\"target\":{\"@type\":\"EntryPoint\",\"urlTemplate\":\"https:\\\/\\\/2022.tagderclubkultur.berlin\\\/?s={search_term_string}\"},\"query-input\":{\"@type\":\"PropertyValueSpecification\",\"valueRequired\":true,\"valueName\":\"search_term_string\"}}],\"inLanguage\":\"de\"},{\"@type\":\"Person\",\"@id\":\"https:\\\/\\\/2022.tagderclubkultur.berlin\\\/#\\\/schema\\\/person\\\/fa1aa11d81bb56220db2870c56ddbb72\",\"name\":\"Marco Herzog\",\"image\":{\"@type\":\"ImageObject\",\"inLanguage\":\"de\",\"@id\":\"https:\\\/\\\/secure.gravatar.com\\\/avatar\\\/451bae2586fdb6bf756b250dfbde647d3a166eb67d5591e38f7c8877cbc19300?s=96&d=mm&r=g\",\"url\":\"https:\\\/\\\/secure.gravatar.com\\\/avatar\\\/451bae2586fdb6bf756b250dfbde647d3a166eb67d5591e38f7c8877cbc19300?s=96&d=mm&r=g\",\"contentUrl\":\"https:\\\/\\\/secure.gravatar.com\\\/avatar\\\/451bae2586fdb6bf756b250dfbde647d3a166eb67d5591e38f7c8877cbc19300?s=96&d=mm&r=g\",\"caption\":\"Marco Herzog\"},\"url\":\"https:\\\/\\\/2022.tagderclubkultur.berlin\\\/en\\\/author\\\/marcoherzog\\\/\"}]}<\/script>\n<!-- \/ Yoast SEO plugin. -->","yoast_head_json":{"title":"Kultur Fest 2022 \u0645\u0647\u0631\u062c\u0627\u0646 \u062b\u0642\u0627\u0641\u064a - TAG DER CLUBKULTUR","robots":{"index":"index","follow":"follow","max-snippet":"max-snippet:-1","max-image-preview":"max-image-preview:large","max-video-preview":"max-video-preview:-1"},"canonical":"https:\/\/2022.tagderclubkultur.berlin\/en\/arabs-do-it-better\/","og_locale":"de_DE","og_type":"article","og_title":"Kultur Fest 2022 \u0645\u0647\u0631\u062c\u0627\u0646 \u062b\u0642\u0627\u0641\u064a - TAG DER CLUBKULTUR","og_url":"https:\/\/2022.tagderclubkultur.berlin\/en\/arabs-do-it-better\/","og_site_name":"TAG DER CLUBKULTUR","article_published_time":"2021-08-22T09:02:51+00:00","article_modified_time":"2022-09-29T08:32:08+00:00","og_image":[{"width":1000,"height":1000,"url":"https:\/\/2022.tagderclubkultur.berlin\/wp-content\/uploads\/sites\/20\/2022\/09\/tdc-cover-17.png","type":"image\/png"}],"author":"Marco Herzog","twitter_card":"summary_large_image","twitter_misc":{"Verfasst von":"Marco Herzog"},"schema":{"@context":"https:\/\/schema.org","@graph":[{"@type":"Article","@id":"https:\/\/2022.tagderclubkultur.berlin\/en\/arabs-do-it-better\/#article","isPartOf":{"@id":"https:\/\/2022.tagderclubkultur.berlin\/en\/arabs-do-it-better\/"},"author":{"name":"Marco Herzog","@id":"https:\/\/2022.tagderclubkultur.berlin\/#\/schema\/person\/fa1aa11d81bb56220db2870c56ddbb72"},"headline":"Kultur Fest 2022 \u0645\u0647\u0631\u062c\u0627\u0646 \u062b\u0642\u0627\u0641\u064a","datePublished":"2021-08-22T09:02:51+00:00","dateModified":"2022-09-29T08:32:08+00:00","mainEntityOfPage":{"@id":"https:\/\/2022.tagderclubkultur.berlin\/en\/arabs-do-it-better\/"},"wordCount":2,"image":{"@id":"https:\/\/2022.tagderclubkultur.berlin\/en\/arabs-do-it-better\/#primaryimage"},"thumbnailUrl":"https:\/\/2022.tagderclubkultur.berlin\/wp-content\/uploads\/sites\/20\/2022\/09\/tdc-cover-17.png","articleSection":["08.10."],"inLanguage":"de"},{"@type":"WebPage","@id":"https:\/\/2022.tagderclubkultur.berlin\/en\/arabs-do-it-better\/","url":"https:\/\/2022.tagderclubkultur.berlin\/en\/arabs-do-it-better\/","name":"Kultur Fest 2022 \u0645\u0647\u0631\u062c\u0627\u0646 \u062b\u0642\u0627\u0641\u064a - TAG DER CLUBKULTUR","isPartOf":{"@id":"https:\/\/2022.tagderclubkultur.berlin\/#website"},"primaryImageOfPage":{"@id":"https:\/\/2022.tagderclubkultur.berlin\/en\/arabs-do-it-better\/#primaryimage"},"image":{"@id":"https:\/\/2022.tagderclubkultur.berlin\/en\/arabs-do-it-better\/#primaryimage"},"thumbnailUrl":"https:\/\/2022.tagderclubkultur.berlin\/wp-content\/uploads\/sites\/20\/2022\/09\/tdc-cover-17.png","datePublished":"2021-08-22T09:02:51+00:00","dateModified":"2022-09-29T08:32:08+00:00","author":{"@id":"https:\/\/2022.tagderclubkultur.berlin\/#\/schema\/person\/fa1aa11d81bb56220db2870c56ddbb72"},"breadcrumb":{"@id":"https:\/\/2022.tagderclubkultur.berlin\/en\/arabs-do-it-better\/#breadcrumb"},"inLanguage":"de","potentialAction":[{"@type":"ReadAction","target":["https:\/\/2022.tagderclubkultur.berlin\/en\/arabs-do-it-better\/"]}]},{"@type":"ImageObject","inLanguage":"de","@id":"https:\/\/2022.tagderclubkultur.berlin\/en\/arabs-do-it-better\/#primaryimage","url":"https:\/\/2022.tagderclubkultur.berlin\/wp-content\/uploads\/sites\/20\/2022\/09\/tdc-cover-17.png","contentUrl":"https:\/\/2022.tagderclubkultur.berlin\/wp-content\/uploads\/sites\/20\/2022\/09\/tdc-cover-17.png","width":1000,"height":1000},{"@type":"BreadcrumbList","@id":"https:\/\/2022.tagderclubkultur.berlin\/en\/arabs-do-it-better\/#breadcrumb","itemListElement":[{"@type":"ListItem","position":1,"name":"Home","item":"https:\/\/2022.tagderclubkultur.berlin\/"},{"@type":"ListItem","position":2,"name":"Kultur Fest 2022 \u0645\u0647\u0631\u062c\u0627\u0646 \u062b\u0642\u0627\u0641\u064a"}]},{"@type":"WebSite","@id":"https:\/\/2022.tagderclubkultur.berlin\/#website","url":"https:\/\/2022.tagderclubkultur.berlin\/","name":"TAG DER CLUBKULTUR","description":"","potentialAction":[{"@type":"SearchAction","target":{"@type":"EntryPoint","urlTemplate":"https:\/\/2022.tagderclubkultur.berlin\/?s={search_term_string}"},"query-input":{"@type":"PropertyValueSpecification","valueRequired":true,"valueName":"search_term_string"}}],"inLanguage":"de"},{"@type":"Person","@id":"https:\/\/2022.tagderclubkultur.berlin\/#\/schema\/person\/fa1aa11d81bb56220db2870c56ddbb72","name":"Marco Herzog","image":{"@type":"ImageObject","inLanguage":"de","@id":"https:\/\/secure.gravatar.com\/avatar\/451bae2586fdb6bf756b250dfbde647d3a166eb67d5591e38f7c8877cbc19300?s=96&d=mm&r=g","url":"https:\/\/secure.gravatar.com\/avatar\/451bae2586fdb6bf756b250dfbde647d3a166eb67d5591e38f7c8877cbc19300?s=96&d=mm&r=g","contentUrl":"https:\/\/secure.gravatar.com\/avatar\/451bae2586fdb6bf756b250dfbde647d3a166eb67d5591e38f7c8877cbc19300?s=96&d=mm&r=g","caption":"Marco Herzog"},"url":"https:\/\/2022.tagderclubkultur.berlin\/en\/author\/marcoherzog\/"}]}},"grid":"{\r\n  \"colCount\": 12,\r\n  \"colGutter\": 1,\r\n  \"rowGutters\": [\r\n    5,\r\n    5,\r\n    5,\r\n    5,\r\n    5\r\n  ],\r\n  \"frameMargin\": 1,\r\n  \"topFrameMargin\": 200,\r\n  \"bottomFrameMargin\": 5,\r\n  \"rowAttrs\": [\r\n    {},\r\n    {},\r\n    {},\r\n    {},\r\n    {},\r\n    {}\r\n  ],\r\n  \"bgColor\": null,\r\n  \"cont\": [\r\n    {\r\n      \"type\": \"text\",\r\n      \"cont\": \"<p class=\\\"_BIG\\\">Arabs Do It Better \u2022 Kultur Fest 2022 \u0645\u0647\u0631\u062c\u0627\u0646 \u062b\u0642\u0627\u0641\u064a<\/p>\",\r\n      \"align\": \"top\",\r\n      \"row\": 0,\r\n      \"col\": 0,\r\n      \"colspan\": 8,\r\n      \"offsetx\": 0,\r\n      \"offsety\": 0,\r\n      \"spaceabove\": 0,\r\n      \"spacebelow\": 0,\r\n      \"yvel\": 1,\r\n      \"push\": 0,\r\n      \"relid\": 4\r\n    },\r\n    {\r\n      \"type\": \"text\",\r\n      \"cont\": \"<p class=\\\"_Mono\\\">Zwischen unseren Partys im Gretchen und speziell f\u00fcr die TAG DER CLUBKULTUR Woche bringen wir euch unser ganz besonderes Kulturfestival im AL.Berlin, von uns mit viel Liebe kuratiert, mit 3 Floors gef\u00fcllt mit Kunst, Live Musik und DJs. Ab 16 Uhr und bis in den Morgen.<br \/><br \/><\/p><p class=\\\"_Mono\\\">\u0628\u064a\u0646 \u062d\u0641\u0644\u0627\u062a\u0646\u0627 \u0641\u064a \u063a\u0631\u064a\u062a\u0634\u064a\u0646 \u0648\u0627\u0633\u0628\u0648\u0639 TAG DER CLUBKULTUR \u0631\u062d \u0646\u0642\u062f\u0645\u0644\u0643\u0645 \u064a\u0648\u0645 \u0645\u0647\u0631\u062c\u0627\u0646\u064a \u062b\u0642\u0627\u0641\u064a \u062e\u0627\u0635 \u0648\u0645\u0645\u064a\u0632 \u0641\u064a \u0627\u0644-\u0628\u0631\u0644\u064a\u0646: \u0639\u0631\u0636 \u0645\u0648\u0633\u064a\u0642\u0649 \u0644\u0627\u064a\u0641\u060c \u0645\u0639\u0631\u0636 \u0631\u0633\u0648\u0645\u0627\u062a\u060c \u0648\u0645\u0633\u0637\u0648\u0646\u064a\u0646. \u0646\u0628\u062f\u0623 \u0645\u0646 \u0627\u0644\u0633\u0627\u0639\u0629 4 \u0645\u0633\u0627\u0621\u064b \u0648\u062d\u062a\u0649 \u0627\u0644\u0635\u0628\u062d.<\/p><p class=\\\"_Mono\\\">\u00a0<\/p><p class=\\\"_Mono\\\">LINE-UP<\/p><p class=\\\"_Mono\\\"><br \/>ART:<br \/>EXHOAX<br \/>Tariq Alsaadi<br \/>Ramez Melhem<br \/><br \/>LIVE MUSIC:<br \/>Yousef Kekhia<br \/><br \/>DJ's:<br \/>LYTH<br \/>dj pendejo<br \/>DIsco Samir<br \/>David Pearl<br \/>Dimitra Zina<br \/>Edna Martinez <br \/>Marwan Hawash<\/p><p class=\\\"_Mono\\\"><br \/>LINK<br \/>\u2192 <a href=\\\"https:\/\/ra.co\/events\/1592585\\\">Resident Advisor<\/a><\/p>\",\r\n      \"align\": \"top\",\r\n      \"row\": 1,\r\n      \"col\": 0,\r\n      \"colspan\": 5,\r\n      \"offsetx\": 0,\r\n      \"offsety\": 0,\r\n      \"spaceabove\": 0,\r\n      \"spacebelow\": 0,\r\n      \"yvel\": 1,\r\n      \"push\": 0,\r\n      \"relid\": 407\r\n    },\r\n    {\r\n      \"type\": \"text\",\r\n      \"cont\": \"<p class=\\\"_Mono\\\">ART DER VERANSTALTUNG:<br \/>Kunst, Live-Performances und Clubnacht<br \/><br \/>DATUM<\/p><p class=\\\"_Mono\\\">08.10.<\/p><p>\u00a0<\/p><p class=\\\"_Mono\\\">ZEIT<\/p><p class=\\\"_Mono\\\">16-04 Uhr<\/p><p>\u00a0<\/p><p class=\\\"_Mono\\\">LOCATION<\/p><p class=\\\"_Mono\\\">AL.Berlin Bar Cafe<\/p><p class=\\\"_Mono\\\">Remise im Hinterhof<br \/>Skalitzer Str. 114<br \/>10999 Berlin-Kreuzberg<br \/><br \/>TICKETPREIS<br \/>5 \u20ac<\/p>\",\r\n      \"align\": \"top\",\r\n      \"row\": 1,\r\n      \"col\": 5,\r\n      \"colspan\": 4,\r\n      \"offsetx\": 0,\r\n      \"offsety\": 0,\r\n      \"spaceabove\": 0,\r\n      \"spacebelow\": 0,\r\n      \"yvel\": 1,\r\n      \"push\": 0,\r\n      \"relid\": 6,\r\n      \"frameOverflow\": \"\"\r\n    },\r\n    {\r\n      \"type\": \"carousel\",\r\n      \"cont\": \"\",\r\n      \"align\": \"top\",\r\n      \"row\": 1,\r\n      \"col\": 9,\r\n      \"colspan\": 3,\r\n      \"offsetx\": 0,\r\n      \"offsety\": 0,\r\n      \"spaceabove\": 0,\r\n      \"spacebelow\": 0,\r\n      \"yvel\": 1,\r\n      \"push\": 0,\r\n      \"relid\": 557,\r\n      \"carousel_options\": {\r\n        \"random\": false,\r\n        \"autoplay\": false,\r\n        \"showMultipleSlides\": false,\r\n        \"freeScroll\": false,\r\n        \"mousewheelScroll\": false,\r\n        \"size\": \"fixedHeight\",\r\n        \"slidesWidth\": \"null\",\r\n        \"transition\": \"sliding\",\r\n        \"loop\": false,\r\n        \"spaceBetween\": 0,\r\n        \"captionsUnderSlides\": false,\r\n        \"fixedHeight\": \"50vh\",\r\n        \"fillSlides\": false\r\n      },\r\n      \"carousel\": [\r\n        {\r\n          \"type\": \"img\",\r\n          \"attid\": 2201,\r\n          \"cont\": \"\/wp-content\/uploads\/sites\/20\/2022\/09\/ADIB-08.10-TAG-IG-1.jpg\",\r\n          \"sizes\": {\r\n            \"full\": \"\/wp-content\/uploads\/sites\/20\/2022\/09\/ADIB-08.10-TAG-IG-1.jpg\",\r\n            \"_1024\": \"\/wp-content\/uploads\/sites\/20\/2022\/09\/ADIB-08.10-TAG-IG-1-1024x1280.jpg\",\r\n            \"_768\": \"\/wp-content\/uploads\/sites\/20\/2022\/09\/ADIB-08.10-TAG-IG-1-768x960.jpg\",\r\n            \"_512\": \"\/wp-content\/uploads\/sites\/20\/2022\/09\/ADIB-08.10-TAG-IG-1-512x640.jpg\",\r\n            \"_265\": \"\/wp-content\/uploads\/sites\/20\/2022\/09\/ADIB-08.10-TAG-IG-1-265x331.jpg\"\r\n          },\r\n          \"w\": 1080,\r\n          \"h\": 1350,\r\n          \"ar\": 1.25,\r\n          \"alt\": \"\"\r\n        }\r\n      ]\r\n    },\r\n    {\r\n      \"type\": \"hr\",\r\n      \"cont\": \"\",\r\n      \"align\": \"top\",\r\n      \"row\": 2,\r\n      \"col\": 0,\r\n      \"colspan\": 12,\r\n      \"offsetx\": 0,\r\n      \"offsety\": 0,\r\n      \"spaceabove\": 0,\r\n      \"spacebelow\": 0,\r\n      \"yvel\": 1,\r\n      \"push\": 0,\r\n      \"relid\": 8,\r\n      \"frameOverflow\": \"\"\r\n    },\r\n    {\r\n      \"type\": \"text\",\r\n      \"cont\": \"<p class=\\\"_BIG\\\">ARABS DO IT BETTER<\/p>\",\r\n      \"align\": \"top\",\r\n      \"row\": 3,\r\n      \"col\": 0,\r\n      \"colspan\": 8,\r\n      \"offsetx\": 0,\r\n      \"offsety\": 0,\r\n      \"spaceabove\": 0,\r\n      \"spacebelow\": 0,\r\n      \"yvel\": 1,\r\n      \"push\": 0,\r\n      \"relid\": 244\r\n    },\r\n    {\r\n      \"type\": \"text\",\r\n      \"cont\": \"<p class=\\\"_Mono\\\">Arabs Do It Better wurde 2016 von Marwan Hawash und David Pearl in Jaffa und seit 2018 in Berlin als fortlaufende Electro-Party bzw. Hafla-Party gegr\u00fcndet, die mit vielen DJs und Musiker:innen aus der WANA-Region und dar\u00fcber hinaus zusammenarbeitet.<\/p><p class=\\\"_Mono\\\"><br \/>Die unterschiedlichen kulturellen Hintergr\u00fcnde der Gr\u00fcnder und ihre Liebe zur musikalischen Vielfalt machen \\\"Arabs do it Better\\\" so einzigartig. Beide sahen sich mit der gleichen Schwierigkeit konfrontiert, sich in einem sehr komplexen und unbest\u00e4ndigen Umfeld zu definieren, aber in der Musik fanden sie schlie\u00dflich einen sicheren und integrativen Raum, um Menschen zusammenzubringen und eine kulturell vielf\u00e4ltige, unvoreingenommene Gemeinschaft in einem sehr unruhigen und voreingenommenen Umfeld aufzubauen.<\/p><p class=\\\"_Mono\\\"><br \/>Die Idee war immer, verschiedene Kulturen und Identit\u00e4ten zu feiern und durch die Musik zusammenzukommen und sich zu vereinen. Nicht nur als Party, sondern als ein sicherer und inspirierender Ort, an dem sich Menschen mit unterschiedlichen Vergangenheiten und Konflikten aus der ganzen Welt treffen und bei einer Mischung aus arabischen und nah\u00f6stlichen elektronischen Kl\u00e4ngen miteinander in Kontakt treten k\u00f6nnen.<\/p>\",\r\n      \"align\": \"top\",\r\n      \"row\": 4,\r\n      \"col\": 0,\r\n      \"colspan\": 8,\r\n      \"offsetx\": 0,\r\n      \"offsety\": 0,\r\n      \"spaceabove\": 0,\r\n      \"spacebelow\": 0,\r\n      \"yvel\": 1,\r\n      \"push\": 0,\r\n      \"relid\": 5\r\n    },\r\n    {\r\n      \"type\": \"text\",\r\n      \"cont\": \"<p class=\\\"_Mono\\\">SOCIAL MEDIA<br \/>\u2192 <a href=\\\"https:\/\/www.instagram.com\/arabsdoitbetter_official\/\\\">Instagram<\/a><br \/>\u2192 <a href=\\\"https:\/\/www.facebook.com\/arabsdoitbetter\/\\\">Facebook<\/a><\/p>\",\r\n      \"align\": \"top\",\r\n      \"row\": 4,\r\n      \"col\": 8,\r\n      \"colspan\": 4,\r\n      \"offsetx\": 0,\r\n      \"offsety\": 0,\r\n      \"spaceabove\": 0,\r\n      \"spacebelow\": 0,\r\n      \"yvel\": 1,\r\n      \"push\": 0,\r\n      \"relid\": 243\r\n    },\r\n    {\r\n      \"type\": \"hr\",\r\n      \"cont\": \"\",\r\n      \"align\": \"top\",\r\n      \"row\": 5,\r\n      \"col\": 0,\r\n      \"colspan\": 12,\r\n      \"offsetx\": 0,\r\n      \"offsety\": 0,\r\n      \"spaceabove\": 0,\r\n      \"spacebelow\": 0,\r\n      \"yvel\": 1,\r\n      \"push\": 0,\r\n      \"relid\": 7,\r\n      \"frameOverflow\": \"\"\r\n    }\r\n  ]\r\n}","phonegrid":"","_links":{"self":[{"href":"https:\/\/2022.tagderclubkultur.berlin\/en\/wp-json\/wp\/v2\/posts\/2003","targetHints":{"allow":["GET"]}}],"collection":[{"href":"https:\/\/2022.tagderclubkultur.berlin\/en\/wp-json\/wp\/v2\/posts"}],"about":[{"href":"https:\/\/2022.tagderclubkultur.berlin\/en\/wp-json\/wp\/v2\/types\/post"}],"author":[{"embeddable":true,"href":"https:\/\/2022.tagderclubkultur.berlin\/en\/wp-json\/wp\/v2\/users\/1"}],"replies":[{"embeddable":true,"href":"https:\/\/2022.tagderclubkultur.berlin\/en\/wp-json\/wp\/v2\/comments?post=2003"}],"version-history":[{"count":0,"href":"https:\/\/2022.tagderclubkultur.berlin\/en\/wp-json\/wp\/v2\/posts\/2003\/revisions"}],"wp:featuredmedia":[{"embeddable":true,"href":"https:\/\/2022.tagderclubkultur.berlin\/en\/wp-json\/wp\/v2\/media\/1977"}],"wp:attachment":[{"href":"https:\/\/2022.tagderclubkultur.berlin\/en\/wp-json\/wp\/v2\/media?parent=2003"}],"wp:term":[{"taxonomy":"category","embeddable":true,"href":"https:\/\/2022.tagderclubkultur.berlin\/en\/wp-json\/wp\/v2\/categories?post=2003"},{"taxonomy":"post_tag","embeddable":true,"href":"https:\/\/2022.tagderclubkultur.berlin\/en\/wp-json\/wp\/v2\/tags?post=2003"}],"curies":[{"name":"wp","href":"https:\/\/api.w.org\/{rel}","templated":true}]}}