{"id":2007,"date":"2022-09-21T08:35:40","date_gmt":"2021-08-22T09:02:51","guid":{"rendered":"https:\/\/tagderclubkultur.berlin\/eventtitel-7\/"},"modified":"2022-10-02T12:05:52","modified_gmt":"2022-10-02T12:05:52","slug":"lecken-2","status":"publish","type":"post","link":"https:\/\/2022.tagderclubkultur.berlin\/en\/lecken-2\/","title":{"rendered":"FUCK POETRY"},"content":{"rendered":"","protected":false},"excerpt":{"rendered":"","protected":false},"author":1,"featured_media":2062,"comment_status":"closed","ping_status":"closed","sticky":false,"template":"","format":"standard","meta":{"inline_featured_image":false},"categories":[17],"tags":[],"class_list":["post-2007","post","type-post","status-publish","has-post-thumbnail","hentry","category-05-10"],"yoast_head":"<!-- This site is optimized with the Yoast SEO plugin v27.4 - https:\/\/yoast.com\/product\/yoast-seo-wordpress\/ -->\n<title>FUCK POETRY - TAG DER CLUBKULTUR<\/title>\n<meta name=\"robots\" content=\"index, follow, max-snippet:-1, max-image-preview:large, max-video-preview:-1\" \/>\n<link rel=\"canonical\" href=\"https:\/\/2022.tagderclubkultur.berlin\/en\/lecken-2\/\" \/>\n<meta property=\"og:locale\" content=\"de_DE\" \/>\n<meta property=\"og:type\" content=\"article\" \/>\n<meta property=\"og:title\" content=\"FUCK POETRY - TAG DER CLUBKULTUR\" \/>\n<meta property=\"og:url\" content=\"https:\/\/2022.tagderclubkultur.berlin\/en\/lecken-2\/\" \/>\n<meta property=\"og:site_name\" content=\"TAG DER CLUBKULTUR\" \/>\n<meta property=\"article:published_time\" content=\"2021-08-22T09:02:51+00:00\" \/>\n<meta property=\"article:modified_time\" content=\"2022-10-02T12:05:52+00:00\" \/>\n<meta property=\"og:image\" content=\"https:\/\/2022.tagderclubkultur.berlin\/wp-content\/uploads\/sites\/20\/2022\/09\/Vincent-Reynaud.jpeg\" \/>\n\t<meta property=\"og:image:width\" content=\"1080\" \/>\n\t<meta property=\"og:image:height\" content=\"1080\" \/>\n\t<meta property=\"og:image:type\" content=\"image\/jpeg\" \/>\n<meta name=\"author\" content=\"Marco Herzog\" \/>\n<meta name=\"twitter:card\" content=\"summary_large_image\" \/>\n<meta name=\"twitter:label1\" content=\"Verfasst von\" \/>\n\t<meta name=\"twitter:data1\" content=\"Marco Herzog\" \/>\n<script type=\"application\/ld+json\" class=\"yoast-schema-graph\">{\"@context\":\"https:\\\/\\\/schema.org\",\"@graph\":[{\"@type\":\"Article\",\"@id\":\"https:\\\/\\\/2022.tagderclubkultur.berlin\\\/en\\\/lecken-2\\\/#article\",\"isPartOf\":{\"@id\":\"https:\\\/\\\/2022.tagderclubkultur.berlin\\\/en\\\/lecken-2\\\/\"},\"author\":{\"name\":\"Marco Herzog\",\"@id\":\"https:\\\/\\\/2022.tagderclubkultur.berlin\\\/#\\\/schema\\\/person\\\/fa1aa11d81bb56220db2870c56ddbb72\"},\"headline\":\"FUCK POETRY\",\"datePublished\":\"2021-08-22T09:02:51+00:00\",\"dateModified\":\"2022-10-02T12:05:52+00:00\",\"mainEntityOfPage\":{\"@id\":\"https:\\\/\\\/2022.tagderclubkultur.berlin\\\/en\\\/lecken-2\\\/\"},\"wordCount\":2,\"image\":{\"@id\":\"https:\\\/\\\/2022.tagderclubkultur.berlin\\\/en\\\/lecken-2\\\/#primaryimage\"},\"thumbnailUrl\":\"https:\\\/\\\/2022.tagderclubkultur.berlin\\\/wp-content\\\/uploads\\\/sites\\\/20\\\/2022\\\/09\\\/Vincent-Reynaud.jpeg\",\"articleSection\":[\"05.10.\"],\"inLanguage\":\"de\"},{\"@type\":\"WebPage\",\"@id\":\"https:\\\/\\\/2022.tagderclubkultur.berlin\\\/en\\\/lecken-2\\\/\",\"url\":\"https:\\\/\\\/2022.tagderclubkultur.berlin\\\/en\\\/lecken-2\\\/\",\"name\":\"FUCK POETRY - TAG DER CLUBKULTUR\",\"isPartOf\":{\"@id\":\"https:\\\/\\\/2022.tagderclubkultur.berlin\\\/#website\"},\"primaryImageOfPage\":{\"@id\":\"https:\\\/\\\/2022.tagderclubkultur.berlin\\\/en\\\/lecken-2\\\/#primaryimage\"},\"image\":{\"@id\":\"https:\\\/\\\/2022.tagderclubkultur.berlin\\\/en\\\/lecken-2\\\/#primaryimage\"},\"thumbnailUrl\":\"https:\\\/\\\/2022.tagderclubkultur.berlin\\\/wp-content\\\/uploads\\\/sites\\\/20\\\/2022\\\/09\\\/Vincent-Reynaud.jpeg\",\"datePublished\":\"2021-08-22T09:02:51+00:00\",\"dateModified\":\"2022-10-02T12:05:52+00:00\",\"author\":{\"@id\":\"https:\\\/\\\/2022.tagderclubkultur.berlin\\\/#\\\/schema\\\/person\\\/fa1aa11d81bb56220db2870c56ddbb72\"},\"breadcrumb\":{\"@id\":\"https:\\\/\\\/2022.tagderclubkultur.berlin\\\/en\\\/lecken-2\\\/#breadcrumb\"},\"inLanguage\":\"de\",\"potentialAction\":[{\"@type\":\"ReadAction\",\"target\":[\"https:\\\/\\\/2022.tagderclubkultur.berlin\\\/en\\\/lecken-2\\\/\"]}]},{\"@type\":\"ImageObject\",\"inLanguage\":\"de\",\"@id\":\"https:\\\/\\\/2022.tagderclubkultur.berlin\\\/en\\\/lecken-2\\\/#primaryimage\",\"url\":\"https:\\\/\\\/2022.tagderclubkultur.berlin\\\/wp-content\\\/uploads\\\/sites\\\/20\\\/2022\\\/09\\\/Vincent-Reynaud.jpeg\",\"contentUrl\":\"https:\\\/\\\/2022.tagderclubkultur.berlin\\\/wp-content\\\/uploads\\\/sites\\\/20\\\/2022\\\/09\\\/Vincent-Reynaud.jpeg\",\"width\":1080,\"height\":1080},{\"@type\":\"BreadcrumbList\",\"@id\":\"https:\\\/\\\/2022.tagderclubkultur.berlin\\\/en\\\/lecken-2\\\/#breadcrumb\",\"itemListElement\":[{\"@type\":\"ListItem\",\"position\":1,\"name\":\"Home\",\"item\":\"https:\\\/\\\/2022.tagderclubkultur.berlin\\\/\"},{\"@type\":\"ListItem\",\"position\":2,\"name\":\"FUCK POETRY\"}]},{\"@type\":\"WebSite\",\"@id\":\"https:\\\/\\\/2022.tagderclubkultur.berlin\\\/#website\",\"url\":\"https:\\\/\\\/2022.tagderclubkultur.berlin\\\/\",\"name\":\"TAG DER CLUBKULTUR\",\"description\":\"\",\"potentialAction\":[{\"@type\":\"SearchAction\",\"target\":{\"@type\":\"EntryPoint\",\"urlTemplate\":\"https:\\\/\\\/2022.tagderclubkultur.berlin\\\/?s={search_term_string}\"},\"query-input\":{\"@type\":\"PropertyValueSpecification\",\"valueRequired\":true,\"valueName\":\"search_term_string\"}}],\"inLanguage\":\"de\"},{\"@type\":\"Person\",\"@id\":\"https:\\\/\\\/2022.tagderclubkultur.berlin\\\/#\\\/schema\\\/person\\\/fa1aa11d81bb56220db2870c56ddbb72\",\"name\":\"Marco Herzog\",\"image\":{\"@type\":\"ImageObject\",\"inLanguage\":\"de\",\"@id\":\"https:\\\/\\\/secure.gravatar.com\\\/avatar\\\/451bae2586fdb6bf756b250dfbde647d3a166eb67d5591e38f7c8877cbc19300?s=96&d=mm&r=g\",\"url\":\"https:\\\/\\\/secure.gravatar.com\\\/avatar\\\/451bae2586fdb6bf756b250dfbde647d3a166eb67d5591e38f7c8877cbc19300?s=96&d=mm&r=g\",\"contentUrl\":\"https:\\\/\\\/secure.gravatar.com\\\/avatar\\\/451bae2586fdb6bf756b250dfbde647d3a166eb67d5591e38f7c8877cbc19300?s=96&d=mm&r=g\",\"caption\":\"Marco Herzog\"},\"url\":\"https:\\\/\\\/2022.tagderclubkultur.berlin\\\/en\\\/author\\\/marcoherzog\\\/\"}]}<\/script>\n<!-- \/ Yoast SEO plugin. -->","yoast_head_json":{"title":"FUCK POETRY - TAG DER CLUBKULTUR","robots":{"index":"index","follow":"follow","max-snippet":"max-snippet:-1","max-image-preview":"max-image-preview:large","max-video-preview":"max-video-preview:-1"},"canonical":"https:\/\/2022.tagderclubkultur.berlin\/en\/lecken-2\/","og_locale":"de_DE","og_type":"article","og_title":"FUCK POETRY - TAG DER CLUBKULTUR","og_url":"https:\/\/2022.tagderclubkultur.berlin\/en\/lecken-2\/","og_site_name":"TAG DER CLUBKULTUR","article_published_time":"2021-08-22T09:02:51+00:00","article_modified_time":"2022-10-02T12:05:52+00:00","og_image":[{"width":1080,"height":1080,"url":"https:\/\/2022.tagderclubkultur.berlin\/wp-content\/uploads\/sites\/20\/2022\/09\/Vincent-Reynaud.jpeg","type":"image\/jpeg"}],"author":"Marco Herzog","twitter_card":"summary_large_image","twitter_misc":{"Verfasst von":"Marco Herzog"},"schema":{"@context":"https:\/\/schema.org","@graph":[{"@type":"Article","@id":"https:\/\/2022.tagderclubkultur.berlin\/en\/lecken-2\/#article","isPartOf":{"@id":"https:\/\/2022.tagderclubkultur.berlin\/en\/lecken-2\/"},"author":{"name":"Marco Herzog","@id":"https:\/\/2022.tagderclubkultur.berlin\/#\/schema\/person\/fa1aa11d81bb56220db2870c56ddbb72"},"headline":"FUCK POETRY","datePublished":"2021-08-22T09:02:51+00:00","dateModified":"2022-10-02T12:05:52+00:00","mainEntityOfPage":{"@id":"https:\/\/2022.tagderclubkultur.berlin\/en\/lecken-2\/"},"wordCount":2,"image":{"@id":"https:\/\/2022.tagderclubkultur.berlin\/en\/lecken-2\/#primaryimage"},"thumbnailUrl":"https:\/\/2022.tagderclubkultur.berlin\/wp-content\/uploads\/sites\/20\/2022\/09\/Vincent-Reynaud.jpeg","articleSection":["05.10."],"inLanguage":"de"},{"@type":"WebPage","@id":"https:\/\/2022.tagderclubkultur.berlin\/en\/lecken-2\/","url":"https:\/\/2022.tagderclubkultur.berlin\/en\/lecken-2\/","name":"FUCK POETRY - TAG DER CLUBKULTUR","isPartOf":{"@id":"https:\/\/2022.tagderclubkultur.berlin\/#website"},"primaryImageOfPage":{"@id":"https:\/\/2022.tagderclubkultur.berlin\/en\/lecken-2\/#primaryimage"},"image":{"@id":"https:\/\/2022.tagderclubkultur.berlin\/en\/lecken-2\/#primaryimage"},"thumbnailUrl":"https:\/\/2022.tagderclubkultur.berlin\/wp-content\/uploads\/sites\/20\/2022\/09\/Vincent-Reynaud.jpeg","datePublished":"2021-08-22T09:02:51+00:00","dateModified":"2022-10-02T12:05:52+00:00","author":{"@id":"https:\/\/2022.tagderclubkultur.berlin\/#\/schema\/person\/fa1aa11d81bb56220db2870c56ddbb72"},"breadcrumb":{"@id":"https:\/\/2022.tagderclubkultur.berlin\/en\/lecken-2\/#breadcrumb"},"inLanguage":"de","potentialAction":[{"@type":"ReadAction","target":["https:\/\/2022.tagderclubkultur.berlin\/en\/lecken-2\/"]}]},{"@type":"ImageObject","inLanguage":"de","@id":"https:\/\/2022.tagderclubkultur.berlin\/en\/lecken-2\/#primaryimage","url":"https:\/\/2022.tagderclubkultur.berlin\/wp-content\/uploads\/sites\/20\/2022\/09\/Vincent-Reynaud.jpeg","contentUrl":"https:\/\/2022.tagderclubkultur.berlin\/wp-content\/uploads\/sites\/20\/2022\/09\/Vincent-Reynaud.jpeg","width":1080,"height":1080},{"@type":"BreadcrumbList","@id":"https:\/\/2022.tagderclubkultur.berlin\/en\/lecken-2\/#breadcrumb","itemListElement":[{"@type":"ListItem","position":1,"name":"Home","item":"https:\/\/2022.tagderclubkultur.berlin\/"},{"@type":"ListItem","position":2,"name":"FUCK POETRY"}]},{"@type":"WebSite","@id":"https:\/\/2022.tagderclubkultur.berlin\/#website","url":"https:\/\/2022.tagderclubkultur.berlin\/","name":"TAG DER CLUBKULTUR","description":"","potentialAction":[{"@type":"SearchAction","target":{"@type":"EntryPoint","urlTemplate":"https:\/\/2022.tagderclubkultur.berlin\/?s={search_term_string}"},"query-input":{"@type":"PropertyValueSpecification","valueRequired":true,"valueName":"search_term_string"}}],"inLanguage":"de"},{"@type":"Person","@id":"https:\/\/2022.tagderclubkultur.berlin\/#\/schema\/person\/fa1aa11d81bb56220db2870c56ddbb72","name":"Marco Herzog","image":{"@type":"ImageObject","inLanguage":"de","@id":"https:\/\/secure.gravatar.com\/avatar\/451bae2586fdb6bf756b250dfbde647d3a166eb67d5591e38f7c8877cbc19300?s=96&d=mm&r=g","url":"https:\/\/secure.gravatar.com\/avatar\/451bae2586fdb6bf756b250dfbde647d3a166eb67d5591e38f7c8877cbc19300?s=96&d=mm&r=g","contentUrl":"https:\/\/secure.gravatar.com\/avatar\/451bae2586fdb6bf756b250dfbde647d3a166eb67d5591e38f7c8877cbc19300?s=96&d=mm&r=g","caption":"Marco Herzog"},"url":"https:\/\/2022.tagderclubkultur.berlin\/en\/author\/marcoherzog\/"}]}},"grid":"{\r\n  \"colCount\": 12,\r\n  \"colGutter\": 1,\r\n  \"rowGutters\": [\r\n    5,\r\n    5,\r\n    5,\r\n    5,\r\n    5\r\n  ],\r\n  \"frameMargin\": 1,\r\n  \"topFrameMargin\": 200,\r\n  \"bottomFrameMargin\": 5,\r\n  \"rowAttrs\": [\r\n    {},\r\n    {},\r\n    {},\r\n    {},\r\n    {},\r\n    {}\r\n  ],\r\n  \"bgColor\": null,\r\n  \"cont\": [\r\n    {\r\n      \"type\": \"text\",\r\n      \"cont\": \"<p class=\\\"_BIG\\\">Fuck Poetry<\/p>\",\r\n      \"align\": \"top\",\r\n      \"row\": 0,\r\n      \"col\": 0,\r\n      \"colspan\": 8,\r\n      \"offsetx\": 0,\r\n      \"offsety\": 0,\r\n      \"spaceabove\": 0,\r\n      \"spacebelow\": 0,\r\n      \"yvel\": 1,\r\n      \"push\": 0,\r\n      \"relid\": 4\r\n    },\r\n    {\r\n      \"type\": \"text\",\r\n      \"cont\": \"<p class=\\\"_Mono\\\">\u00a0<\/p><p class=\\\"_Mono\\\">Lecken pr\u00e4sentiert einen Abend mit performativen Lesungen von vier queeren K\u00fcnstler:innen und Schriftsteller:innen aus Berlin. Emotionen, Sex, Z\u00e4rtlichkeit und Intensit\u00e4t stehen auf dem Programm.<\/p><p class=\\\"_Mono\\\">Ihr k\u00f6nnt gerne Kissen oder Matten zum Sitzen mitbringen. Es wird eine kleine Bar mit alkoholischen und nicht-alkoholischen Getr\u00e4nken geben. Der Veranstaltungsort befindet sich im Erdgeschoss und ist barrierefrei, die Toiletten sind jedoch nur \u00fcber eine kurze Treppe erreichbar. Wir bitten alle G\u00e4ste, ihre Schuhe beim Betreten des Raumes auszuziehen.<\/p><p class=\\\"_Mono\\\">\u00a0<\/p><p class=\\\"_Mono\\\">\u00a0<\/p><p class=\\\"_Mono\\\">LINE-UP<br \/>Kris Beaghton<br \/>Dylan McNulty-Holmes<br \/>Tianna Strickland<br \/>Alvina Chamberland<br \/><br \/>LINK<br \/>\u2192 <a href=\\\"http:\/\/instagram.com\/lllecken\\\">Instagram<\/a><\/p>\",\r\n      \"align\": \"top\",\r\n      \"row\": 1,\r\n      \"col\": 0,\r\n      \"colspan\": 5,\r\n      \"offsetx\": 0,\r\n      \"offsety\": 0,\r\n      \"spaceabove\": 0,\r\n      \"spacebelow\": 0,\r\n      \"yvel\": 1,\r\n      \"push\": 0,\r\n      \"relid\": 407\r\n    },\r\n    {\r\n      \"type\": \"text\",\r\n      \"cont\": \"<p class=\\\"_Mono\\\">ART DER VERANSTALTUNG: <br \/>Lesung + Performance<\/p><p>\u00a0<\/p><p class=\\\"_Mono\\\">DATUM<\/p><p class=\\\"_Mono\\\">05.10.<\/p><p>\u00a0<\/p><p class=\\\"_Mono\\\">ZEIT<\/p><p class=\\\"_Mono\\\">19:30 - 22 Uhr<\/p><p>\u00a0<\/p><p class=\\\"_Mono\\\">LOCATION<\/p><p class=\\\"_Mono\\\">Fortuna Wetten<br \/>Karl-Marx-Str. 127<br \/>12043 Berlin-Neuk\u00f6lln<br \/><br \/>TICKETPREIS<br \/>0 \u20ac<\/p>\",\r\n      \"align\": \"top\",\r\n      \"row\": 1,\r\n      \"col\": 5,\r\n      \"colspan\": 4,\r\n      \"offsetx\": 0,\r\n      \"offsety\": 0,\r\n      \"spaceabove\": 0,\r\n      \"spacebelow\": 0,\r\n      \"yvel\": 1,\r\n      \"push\": 0,\r\n      \"relid\": 6\r\n    },\r\n    {\r\n      \"type\": \"hr\",\r\n      \"cont\": \"\",\r\n      \"align\": \"top\",\r\n      \"row\": 2,\r\n      \"col\": 0,\r\n      \"colspan\": 12,\r\n      \"offsetx\": 0,\r\n      \"offsety\": 0,\r\n      \"spaceabove\": 0,\r\n      \"spacebelow\": 0,\r\n      \"yvel\": 1,\r\n      \"push\": 0,\r\n      \"relid\": 8,\r\n      \"frameOverflow\": \"\"\r\n    },\r\n    {\r\n      \"type\": \"text\",\r\n      \"cont\": \"<p class=\\\"_BIG\\\">Lecken<\/p>\",\r\n      \"align\": \"top\",\r\n      \"row\": 3,\r\n      \"col\": 0,\r\n      \"colspan\": 8,\r\n      \"offsetx\": 0,\r\n      \"offsety\": 0,\r\n      \"spaceabove\": 0,\r\n      \"spacebelow\": 0,\r\n      \"yvel\": 1,\r\n      \"push\": 0,\r\n      \"relid\": 244\r\n    },\r\n    {\r\n      \"type\": \"text\",\r\n      \"cont\": \"<p class=\\\"_Mono\\\">Lecken ist ein queer-feministischer erogener Rave, eine Gemeinschaftsplattform f\u00fcr Lustaktivismus und ein 9-k\u00f6pfiges Kunstkollektiv. Eine \\\"Femme-to-the-Front\\\"-Haltung, die in einer feministischen Politik der F\u00fcrsorge und Verantwortlichkeit verwurzelt ist, bildet die Grundlage f\u00fcr die k\u00fcnstlerische, sensorische und erogene Abenteuerlichkeit, die sich normalerweise auf Lecken-Raves entfaltet.<\/p>\",\r\n      \"align\": \"top\",\r\n      \"row\": 4,\r\n      \"col\": 0,\r\n      \"colspan\": 8,\r\n      \"offsetx\": 0,\r\n      \"offsety\": 0,\r\n      \"spaceabove\": 0,\r\n      \"spacebelow\": 0,\r\n      \"yvel\": 1,\r\n      \"push\": 0,\r\n      \"relid\": 5\r\n    },\r\n    {\r\n      \"type\": \"text\",\r\n      \"cont\": \"<p class=\\\"_Mono\\\">SOCIAL MEDIA<br \/>\u2192 <a href=\\\"https:\/\/www.instagram.com\/lllecken\\\">Instagram<\/a><br \/>\u2192 <a href=\\\"https:\/\/www.facebook.com\/leckenberlin\/\\\">Facebook<\/a><\/p>\",\r\n      \"align\": \"top\",\r\n      \"row\": 4,\r\n      \"col\": 8,\r\n      \"colspan\": 4,\r\n      \"offsetx\": 0,\r\n      \"offsety\": 0,\r\n      \"spaceabove\": 0,\r\n      \"spacebelow\": 0,\r\n      \"yvel\": 1,\r\n      \"push\": 0,\r\n      \"relid\": 243,\r\n      \"frameOverflow\": \"\"\r\n    },\r\n    {\r\n      \"type\": \"hr\",\r\n      \"cont\": \"\",\r\n      \"align\": \"top\",\r\n      \"row\": 5,\r\n      \"col\": 0,\r\n      \"colspan\": 12,\r\n      \"offsetx\": 0,\r\n      \"offsety\": 0,\r\n      \"spaceabove\": 0,\r\n      \"spacebelow\": 0,\r\n      \"yvel\": 1,\r\n      \"push\": 0,\r\n      \"relid\": 7,\r\n      \"frameOverflow\": \"\"\r\n    }\r\n  ]\r\n}","phonegrid":"","_links":{"self":[{"href":"https:\/\/2022.tagderclubkultur.berlin\/en\/wp-json\/wp\/v2\/posts\/2007","targetHints":{"allow":["GET"]}}],"collection":[{"href":"https:\/\/2022.tagderclubkultur.berlin\/en\/wp-json\/wp\/v2\/posts"}],"about":[{"href":"https:\/\/2022.tagderclubkultur.berlin\/en\/wp-json\/wp\/v2\/types\/post"}],"author":[{"embeddable":true,"href":"https:\/\/2022.tagderclubkultur.berlin\/en\/wp-json\/wp\/v2\/users\/1"}],"replies":[{"embeddable":true,"href":"https:\/\/2022.tagderclubkultur.berlin\/en\/wp-json\/wp\/v2\/comments?post=2007"}],"version-history":[{"count":0,"href":"https:\/\/2022.tagderclubkultur.berlin\/en\/wp-json\/wp\/v2\/posts\/2007\/revisions"}],"wp:featuredmedia":[{"embeddable":true,"href":"https:\/\/2022.tagderclubkultur.berlin\/en\/wp-json\/wp\/v2\/media\/2062"}],"wp:attachment":[{"href":"https:\/\/2022.tagderclubkultur.berlin\/en\/wp-json\/wp\/v2\/media?parent=2007"}],"wp:term":[{"taxonomy":"category","embeddable":true,"href":"https:\/\/2022.tagderclubkultur.berlin\/en\/wp-json\/wp\/v2\/categories?post=2007"},{"taxonomy":"post_tag","embeddable":true,"href":"https:\/\/2022.tagderclubkultur.berlin\/en\/wp-json\/wp\/v2\/tags?post=2007"}],"curies":[{"name":"wp","href":"https:\/\/api.w.org\/{rel}","templated":true}]}}