{"id":2140,"date":"2022-09-23T13:46:28","date_gmt":"2021-08-22T09:02:51","guid":{"rendered":"https:\/\/tagderclubkultur.berlin\/?p=2140"},"modified":"2022-09-29T09:23:17","modified_gmt":"2022-09-29T09:23:17","slug":"gretchen","status":"publish","type":"post","link":"https:\/\/2022.tagderclubkultur.berlin\/en\/gretchen\/","title":{"rendered":"Recycle &#8211; Berlin&#8217;s finest Drum&#8217;n&#8217;Bass"},"content":{"rendered":"","protected":false},"excerpt":{"rendered":"","protected":false},"author":1,"featured_media":2235,"comment_status":"closed","ping_status":"closed","sticky":false,"template":"","format":"standard","meta":{"inline_featured_image":false},"categories":[15],"tags":[],"class_list":["post-2140","post","type-post","status-publish","has-post-thumbnail","hentry","category-03-10"],"yoast_head":"<!-- This site is optimized with the Yoast SEO plugin v27.4 - https:\/\/yoast.com\/product\/yoast-seo-wordpress\/ -->\n<title>Recycle - Berlin&#039;s finest Drum&#039;n&#039;Bass - TAG DER CLUBKULTUR<\/title>\n<meta name=\"robots\" content=\"index, follow, max-snippet:-1, max-image-preview:large, max-video-preview:-1\" \/>\n<link rel=\"canonical\" href=\"https:\/\/2022.tagderclubkultur.berlin\/en\/gretchen\/\" \/>\n<meta property=\"og:locale\" content=\"de_DE\" \/>\n<meta property=\"og:type\" content=\"article\" \/>\n<meta property=\"og:title\" content=\"Recycle - Berlin&#039;s finest Drum&#039;n&#039;Bass - TAG DER CLUBKULTUR\" \/>\n<meta property=\"og:url\" content=\"https:\/\/2022.tagderclubkultur.berlin\/en\/gretchen\/\" \/>\n<meta property=\"og:site_name\" content=\"TAG DER CLUBKULTUR\" \/>\n<meta property=\"article:published_time\" content=\"2021-08-22T09:02:51+00:00\" \/>\n<meta property=\"article:modified_time\" content=\"2022-09-29T09:23:17+00:00\" \/>\n<meta property=\"og:image\" content=\"https:\/\/2022.tagderclubkultur.berlin\/wp-content\/uploads\/sites\/20\/2022\/09\/tdc-cover-31.png\" \/>\n\t<meta property=\"og:image:width\" content=\"1000\" \/>\n\t<meta property=\"og:image:height\" content=\"1000\" \/>\n\t<meta property=\"og:image:type\" content=\"image\/png\" \/>\n<meta name=\"author\" content=\"Marco Herzog\" \/>\n<meta name=\"twitter:card\" content=\"summary_large_image\" \/>\n<meta name=\"twitter:label1\" content=\"Verfasst von\" \/>\n\t<meta name=\"twitter:data1\" content=\"Marco Herzog\" \/>\n<script type=\"application\/ld+json\" class=\"yoast-schema-graph\">{\"@context\":\"https:\\\/\\\/schema.org\",\"@graph\":[{\"@type\":\"Article\",\"@id\":\"https:\\\/\\\/2022.tagderclubkultur.berlin\\\/en\\\/gretchen\\\/#article\",\"isPartOf\":{\"@id\":\"https:\\\/\\\/2022.tagderclubkultur.berlin\\\/en\\\/gretchen\\\/\"},\"author\":{\"name\":\"Marco Herzog\",\"@id\":\"https:\\\/\\\/2022.tagderclubkultur.berlin\\\/#\\\/schema\\\/person\\\/fa1aa11d81bb56220db2870c56ddbb72\"},\"headline\":\"Recycle &#8211; Berlin&#8217;s finest Drum&#8217;n&#8217;Bass\",\"datePublished\":\"2021-08-22T09:02:51+00:00\",\"dateModified\":\"2022-09-29T09:23:17+00:00\",\"mainEntityOfPage\":{\"@id\":\"https:\\\/\\\/2022.tagderclubkultur.berlin\\\/en\\\/gretchen\\\/\"},\"wordCount\":8,\"image\":{\"@id\":\"https:\\\/\\\/2022.tagderclubkultur.berlin\\\/en\\\/gretchen\\\/#primaryimage\"},\"thumbnailUrl\":\"https:\\\/\\\/2022.tagderclubkultur.berlin\\\/wp-content\\\/uploads\\\/sites\\\/20\\\/2022\\\/09\\\/tdc-cover-31.png\",\"articleSection\":[\"03.10.\"],\"inLanguage\":\"de\"},{\"@type\":\"WebPage\",\"@id\":\"https:\\\/\\\/2022.tagderclubkultur.berlin\\\/en\\\/gretchen\\\/\",\"url\":\"https:\\\/\\\/2022.tagderclubkultur.berlin\\\/en\\\/gretchen\\\/\",\"name\":\"Recycle - Berlin's finest Drum'n'Bass - TAG DER CLUBKULTUR\",\"isPartOf\":{\"@id\":\"https:\\\/\\\/2022.tagderclubkultur.berlin\\\/#website\"},\"primaryImageOfPage\":{\"@id\":\"https:\\\/\\\/2022.tagderclubkultur.berlin\\\/en\\\/gretchen\\\/#primaryimage\"},\"image\":{\"@id\":\"https:\\\/\\\/2022.tagderclubkultur.berlin\\\/en\\\/gretchen\\\/#primaryimage\"},\"thumbnailUrl\":\"https:\\\/\\\/2022.tagderclubkultur.berlin\\\/wp-content\\\/uploads\\\/sites\\\/20\\\/2022\\\/09\\\/tdc-cover-31.png\",\"datePublished\":\"2021-08-22T09:02:51+00:00\",\"dateModified\":\"2022-09-29T09:23:17+00:00\",\"author\":{\"@id\":\"https:\\\/\\\/2022.tagderclubkultur.berlin\\\/#\\\/schema\\\/person\\\/fa1aa11d81bb56220db2870c56ddbb72\"},\"breadcrumb\":{\"@id\":\"https:\\\/\\\/2022.tagderclubkultur.berlin\\\/en\\\/gretchen\\\/#breadcrumb\"},\"inLanguage\":\"de\",\"potentialAction\":[{\"@type\":\"ReadAction\",\"target\":[\"https:\\\/\\\/2022.tagderclubkultur.berlin\\\/en\\\/gretchen\\\/\"]}]},{\"@type\":\"ImageObject\",\"inLanguage\":\"de\",\"@id\":\"https:\\\/\\\/2022.tagderclubkultur.berlin\\\/en\\\/gretchen\\\/#primaryimage\",\"url\":\"https:\\\/\\\/2022.tagderclubkultur.berlin\\\/wp-content\\\/uploads\\\/sites\\\/20\\\/2022\\\/09\\\/tdc-cover-31.png\",\"contentUrl\":\"https:\\\/\\\/2022.tagderclubkultur.berlin\\\/wp-content\\\/uploads\\\/sites\\\/20\\\/2022\\\/09\\\/tdc-cover-31.png\",\"width\":1000,\"height\":1000},{\"@type\":\"BreadcrumbList\",\"@id\":\"https:\\\/\\\/2022.tagderclubkultur.berlin\\\/en\\\/gretchen\\\/#breadcrumb\",\"itemListElement\":[{\"@type\":\"ListItem\",\"position\":1,\"name\":\"Home\",\"item\":\"https:\\\/\\\/2022.tagderclubkultur.berlin\\\/\"},{\"@type\":\"ListItem\",\"position\":2,\"name\":\"Recycle &#8211; Berlin&#8217;s finest Drum&#8217;n&#8217;Bass\"}]},{\"@type\":\"WebSite\",\"@id\":\"https:\\\/\\\/2022.tagderclubkultur.berlin\\\/#website\",\"url\":\"https:\\\/\\\/2022.tagderclubkultur.berlin\\\/\",\"name\":\"TAG DER CLUBKULTUR\",\"description\":\"\",\"potentialAction\":[{\"@type\":\"SearchAction\",\"target\":{\"@type\":\"EntryPoint\",\"urlTemplate\":\"https:\\\/\\\/2022.tagderclubkultur.berlin\\\/?s={search_term_string}\"},\"query-input\":{\"@type\":\"PropertyValueSpecification\",\"valueRequired\":true,\"valueName\":\"search_term_string\"}}],\"inLanguage\":\"de\"},{\"@type\":\"Person\",\"@id\":\"https:\\\/\\\/2022.tagderclubkultur.berlin\\\/#\\\/schema\\\/person\\\/fa1aa11d81bb56220db2870c56ddbb72\",\"name\":\"Marco Herzog\",\"image\":{\"@type\":\"ImageObject\",\"inLanguage\":\"de\",\"@id\":\"https:\\\/\\\/secure.gravatar.com\\\/avatar\\\/451bae2586fdb6bf756b250dfbde647d3a166eb67d5591e38f7c8877cbc19300?s=96&d=mm&r=g\",\"url\":\"https:\\\/\\\/secure.gravatar.com\\\/avatar\\\/451bae2586fdb6bf756b250dfbde647d3a166eb67d5591e38f7c8877cbc19300?s=96&d=mm&r=g\",\"contentUrl\":\"https:\\\/\\\/secure.gravatar.com\\\/avatar\\\/451bae2586fdb6bf756b250dfbde647d3a166eb67d5591e38f7c8877cbc19300?s=96&d=mm&r=g\",\"caption\":\"Marco Herzog\"},\"url\":\"https:\\\/\\\/2022.tagderclubkultur.berlin\\\/en\\\/author\\\/marcoherzog\\\/\"}]}<\/script>\n<!-- \/ Yoast SEO plugin. -->","yoast_head_json":{"title":"Recycle - Berlin's finest Drum'n'Bass - TAG DER CLUBKULTUR","robots":{"index":"index","follow":"follow","max-snippet":"max-snippet:-1","max-image-preview":"max-image-preview:large","max-video-preview":"max-video-preview:-1"},"canonical":"https:\/\/2022.tagderclubkultur.berlin\/en\/gretchen\/","og_locale":"de_DE","og_type":"article","og_title":"Recycle - Berlin's finest Drum'n'Bass - TAG DER CLUBKULTUR","og_url":"https:\/\/2022.tagderclubkultur.berlin\/en\/gretchen\/","og_site_name":"TAG DER CLUBKULTUR","article_published_time":"2021-08-22T09:02:51+00:00","article_modified_time":"2022-09-29T09:23:17+00:00","og_image":[{"width":1000,"height":1000,"url":"https:\/\/2022.tagderclubkultur.berlin\/wp-content\/uploads\/sites\/20\/2022\/09\/tdc-cover-31.png","type":"image\/png"}],"author":"Marco Herzog","twitter_card":"summary_large_image","twitter_misc":{"Verfasst von":"Marco Herzog"},"schema":{"@context":"https:\/\/schema.org","@graph":[{"@type":"Article","@id":"https:\/\/2022.tagderclubkultur.berlin\/en\/gretchen\/#article","isPartOf":{"@id":"https:\/\/2022.tagderclubkultur.berlin\/en\/gretchen\/"},"author":{"name":"Marco Herzog","@id":"https:\/\/2022.tagderclubkultur.berlin\/#\/schema\/person\/fa1aa11d81bb56220db2870c56ddbb72"},"headline":"Recycle &#8211; Berlin&#8217;s finest Drum&#8217;n&#8217;Bass","datePublished":"2021-08-22T09:02:51+00:00","dateModified":"2022-09-29T09:23:17+00:00","mainEntityOfPage":{"@id":"https:\/\/2022.tagderclubkultur.berlin\/en\/gretchen\/"},"wordCount":8,"image":{"@id":"https:\/\/2022.tagderclubkultur.berlin\/en\/gretchen\/#primaryimage"},"thumbnailUrl":"https:\/\/2022.tagderclubkultur.berlin\/wp-content\/uploads\/sites\/20\/2022\/09\/tdc-cover-31.png","articleSection":["03.10."],"inLanguage":"de"},{"@type":"WebPage","@id":"https:\/\/2022.tagderclubkultur.berlin\/en\/gretchen\/","url":"https:\/\/2022.tagderclubkultur.berlin\/en\/gretchen\/","name":"Recycle - Berlin's finest Drum'n'Bass - TAG DER CLUBKULTUR","isPartOf":{"@id":"https:\/\/2022.tagderclubkultur.berlin\/#website"},"primaryImageOfPage":{"@id":"https:\/\/2022.tagderclubkultur.berlin\/en\/gretchen\/#primaryimage"},"image":{"@id":"https:\/\/2022.tagderclubkultur.berlin\/en\/gretchen\/#primaryimage"},"thumbnailUrl":"https:\/\/2022.tagderclubkultur.berlin\/wp-content\/uploads\/sites\/20\/2022\/09\/tdc-cover-31.png","datePublished":"2021-08-22T09:02:51+00:00","dateModified":"2022-09-29T09:23:17+00:00","author":{"@id":"https:\/\/2022.tagderclubkultur.berlin\/#\/schema\/person\/fa1aa11d81bb56220db2870c56ddbb72"},"breadcrumb":{"@id":"https:\/\/2022.tagderclubkultur.berlin\/en\/gretchen\/#breadcrumb"},"inLanguage":"de","potentialAction":[{"@type":"ReadAction","target":["https:\/\/2022.tagderclubkultur.berlin\/en\/gretchen\/"]}]},{"@type":"ImageObject","inLanguage":"de","@id":"https:\/\/2022.tagderclubkultur.berlin\/en\/gretchen\/#primaryimage","url":"https:\/\/2022.tagderclubkultur.berlin\/wp-content\/uploads\/sites\/20\/2022\/09\/tdc-cover-31.png","contentUrl":"https:\/\/2022.tagderclubkultur.berlin\/wp-content\/uploads\/sites\/20\/2022\/09\/tdc-cover-31.png","width":1000,"height":1000},{"@type":"BreadcrumbList","@id":"https:\/\/2022.tagderclubkultur.berlin\/en\/gretchen\/#breadcrumb","itemListElement":[{"@type":"ListItem","position":1,"name":"Home","item":"https:\/\/2022.tagderclubkultur.berlin\/"},{"@type":"ListItem","position":2,"name":"Recycle &#8211; Berlin&#8217;s finest Drum&#8217;n&#8217;Bass"}]},{"@type":"WebSite","@id":"https:\/\/2022.tagderclubkultur.berlin\/#website","url":"https:\/\/2022.tagderclubkultur.berlin\/","name":"TAG DER CLUBKULTUR","description":"","potentialAction":[{"@type":"SearchAction","target":{"@type":"EntryPoint","urlTemplate":"https:\/\/2022.tagderclubkultur.berlin\/?s={search_term_string}"},"query-input":{"@type":"PropertyValueSpecification","valueRequired":true,"valueName":"search_term_string"}}],"inLanguage":"de"},{"@type":"Person","@id":"https:\/\/2022.tagderclubkultur.berlin\/#\/schema\/person\/fa1aa11d81bb56220db2870c56ddbb72","name":"Marco Herzog","image":{"@type":"ImageObject","inLanguage":"de","@id":"https:\/\/secure.gravatar.com\/avatar\/451bae2586fdb6bf756b250dfbde647d3a166eb67d5591e38f7c8877cbc19300?s=96&d=mm&r=g","url":"https:\/\/secure.gravatar.com\/avatar\/451bae2586fdb6bf756b250dfbde647d3a166eb67d5591e38f7c8877cbc19300?s=96&d=mm&r=g","contentUrl":"https:\/\/secure.gravatar.com\/avatar\/451bae2586fdb6bf756b250dfbde647d3a166eb67d5591e38f7c8877cbc19300?s=96&d=mm&r=g","caption":"Marco Herzog"},"url":"https:\/\/2022.tagderclubkultur.berlin\/en\/author\/marcoherzog\/"}]}},"grid":"{\r\n  \"colCount\": 12,\r\n  \"colGutter\": 1,\r\n  \"rowGutters\": [\r\n    5,\r\n    5,\r\n    5,\r\n    5,\r\n    5\r\n  ],\r\n  \"frameMargin\": 1,\r\n  \"topFrameMargin\": 200,\r\n  \"bottomFrameMargin\": 5,\r\n  \"rowAttrs\": [\r\n    {},\r\n    {},\r\n    {},\r\n    {},\r\n    {},\r\n    {}\r\n  ],\r\n  \"bgColor\": null,\r\n  \"cont\": [\r\n    {\r\n      \"type\": \"text\",\r\n      \"cont\": \"<p class=\\\"_BIG\\\">Recycle - Berlin's finest Drum'n'Bass<\/p>\",\r\n      \"align\": \"top\",\r\n      \"row\": 0,\r\n      \"col\": 0,\r\n      \"colspan\": 8,\r\n      \"offsetx\": 0,\r\n      \"offsety\": 0,\r\n      \"spaceabove\": 0,\r\n      \"spacebelow\": 0,\r\n      \"yvel\": 1,\r\n      \"push\": 0,\r\n      \"relid\": 4\r\n    },\r\n    {\r\n      \"type\": \"text\",\r\n      \"cont\": \"<p class=\\\"_Mono\\\">'Recycle - Berlin's finest Drum'n'Bass' ist mit 26 Jahren die wohl l\u00e4ngste existierende und regelm\u00e4\u00dfig stattfindende Drum'n'Bass-Reihe Europas (und vermutlich auch weltweit). Neben unseren eigenen Residents laden wir hier Akteure anderer Berliner DnB-Crews sowie internationale Acts dazu.<\/p><p class=\\\"_Mono\\\"><br \/>Zum Tag der Clubkultur feiern wir Drum'n'Bass mit einer 'local edition' - mit alten und neuen Weggef\u00e4hrt*innen. Gemeinsam zeigen wir die Vielfalt des Drum'n'Bass, feiern uns, die Crews und die Crowd.<br \/>Online\/Offline:<\/p><p>\u00a0<\/p><p class=\\\"_Mono\\\">LINE-UP<br \/>Aynaet<br \/>N'Dee<br \/>Sammy B<br \/>Soniq<br \/>Survey<br \/>Yoru<\/p><p>\u00a0<\/p><p class=\\\"_Mono\\\">Hosted by<br \/>MC Jamie White<br \/>MC Mace<\/p><p class=\\\"_Mono\\\"><br \/>LINK<br \/>\u2192 <a href=\\\"https:\/\/www.facebook.com\/events\/786441779348733\\\">Facebook<\/a><\/p>\",\r\n      \"align\": \"top\",\r\n      \"row\": 1,\r\n      \"col\": 0,\r\n      \"colspan\": 5,\r\n      \"offsetx\": 0,\r\n      \"offsety\": 0,\r\n      \"spaceabove\": 0,\r\n      \"spacebelow\": 0,\r\n      \"yvel\": 1,\r\n      \"push\": 0,\r\n      \"relid\": 407,\r\n      \"frameOverflow\": \"\"\r\n    },\r\n    {\r\n      \"type\": \"text\",\r\n      \"cont\": \"<p class=\\\"_Mono\\\">ART DER VERANSTALTUNG:<br \/>Clubnacht<br \/><br \/>DATUM<\/p><p class=\\\"_Mono\\\">03.10.<\/p><p>\u00a0<\/p><p class=\\\"_Mono\\\">ZEIT<\/p><p class=\\\"_Mono\\\">18 - 02 Uhr<\/p><p>\u00a0<\/p><p class=\\\"_Mono\\\">LOCATION<\/p><p class=\\\"_Mono\\\">Gretchen<br \/>Obentrautstr. 19-21<br \/>10963 Berlin-Kreuzberg<br \/><br \/>TICKETPREIS<br \/>5 \u20ac<\/p>\",\r\n      \"align\": \"top\",\r\n      \"row\": 1,\r\n      \"col\": 5,\r\n      \"colspan\": 4,\r\n      \"offsetx\": 0,\r\n      \"offsety\": 0,\r\n      \"spaceabove\": 0,\r\n      \"spacebelow\": 0,\r\n      \"yvel\": 1,\r\n      \"push\": 0,\r\n      \"relid\": 6,\r\n      \"frameOverflow\": \"\"\r\n    },\r\n    {\r\n      \"type\": \"carousel\",\r\n      \"cont\": \"\",\r\n      \"align\": \"top\",\r\n      \"row\": 1,\r\n      \"col\": 9,\r\n      \"colspan\": 3,\r\n      \"offsetx\": 0,\r\n      \"offsety\": 0,\r\n      \"spaceabove\": 0,\r\n      \"spacebelow\": 0,\r\n      \"yvel\": 1,\r\n      \"push\": 0,\r\n      \"relid\": 557,\r\n      \"carousel_options\": {\r\n        \"random\": false,\r\n        \"autoplay\": false,\r\n        \"showMultipleSlides\": false,\r\n        \"freeScroll\": false,\r\n        \"mousewheelScroll\": false,\r\n        \"size\": \"fixedHeight\",\r\n        \"slidesWidth\": \"null\",\r\n        \"transition\": \"sliding\",\r\n        \"loop\": false,\r\n        \"spaceBetween\": 0,\r\n        \"captionsUnderSlides\": false,\r\n        \"fixedHeight\": \"50vh\",\r\n        \"fillSlides\": false\r\n      },\r\n      \"carousel\": [\r\n        {\r\n          \"type\": \"img\",\r\n          \"attid\": 2142,\r\n          \"cont\": \"\/wp-content\/uploads\/sites\/20\/2022\/09\/221003_TDC.png\",\r\n          \"sizes\": {\r\n            \"full\": \"\/wp-content\/uploads\/sites\/20\/2022\/09\/221003_TDC.png\",\r\n            \"_768\": \"\/wp-content\/uploads\/sites\/20\/2022\/09\/221003_TDC-768x402.png\",\r\n            \"_512\": \"\/wp-content\/uploads\/sites\/20\/2022\/09\/221003_TDC-512x268.png\",\r\n            \"_265\": \"\/wp-content\/uploads\/sites\/20\/2022\/09\/221003_TDC-265x139.png\"\r\n          },\r\n          \"w\": 960,\r\n          \"h\": 502,\r\n          \"ar\": 0.5229166666666667,\r\n          \"alt\": \"\"\r\n        }\r\n      ]\r\n    },\r\n    {\r\n      \"type\": \"hr\",\r\n      \"cont\": \"\",\r\n      \"align\": \"top\",\r\n      \"row\": 2,\r\n      \"col\": 0,\r\n      \"colspan\": 12,\r\n      \"offsetx\": 0,\r\n      \"offsety\": 0,\r\n      \"spaceabove\": 0,\r\n      \"spacebelow\": 0,\r\n      \"yvel\": 1,\r\n      \"push\": 0,\r\n      \"relid\": 8,\r\n      \"frameOverflow\": \"\"\r\n    },\r\n    {\r\n      \"type\": \"text\",\r\n      \"cont\": \"<p class=\\\"_BIG\\\">Gretchen<\/p>\",\r\n      \"align\": \"top\",\r\n      \"row\": 3,\r\n      \"col\": 0,\r\n      \"colspan\": 8,\r\n      \"offsetx\": 0,\r\n      \"offsety\": 0,\r\n      \"spaceabove\": 0,\r\n      \"spacebelow\": 0,\r\n      \"yvel\": 1,\r\n      \"push\": 0,\r\n      \"relid\": 244\r\n    },\r\n    {\r\n      \"type\": \"text\",\r\n      \"cont\": \"<p class=\\\"_Mono\\\">Gretchen steht f\u00fcr Experimentierfreudigkeit und Lust an anspruchsvollen und innovativen Sounds \u00fcber alle Genregrenzen hinweg: von Electronica, Bass, Drum'n'Bass, Dubstep, Trap \u00fcber Elektro, Glitch, Experimental, Avantgarde bis hin zu Singer\/Songwriter, HipHop, Funk, Soul, Folk, Afrobeats, Jazz und World. Wir feiern die Vielschichtigkeit aktueller musikalischer Str\u00f6mungen und freuen uns \u00fcber Nachwuchstalente genauso wie \u00fcber internationale Gr\u00f6\u00dfen aus allen Himmelsrichtungen dieser bunten Welt.<\/p>\",\r\n      \"align\": \"top\",\r\n      \"row\": 4,\r\n      \"col\": 0,\r\n      \"colspan\": 8,\r\n      \"offsetx\": 0,\r\n      \"offsety\": 0,\r\n      \"spaceabove\": 0,\r\n      \"spacebelow\": 0,\r\n      \"yvel\": 1,\r\n      \"push\": 0,\r\n      \"relid\": 5\r\n    },\r\n    {\r\n      \"type\": \"text\",\r\n      \"cont\": \"<p class=\\\"_Mono\\\">SOCIAL MEDIA<br \/>\u2192 <a href=\\\"https:\/\/www.instagram.com\/clubgretchen\/\\\">Instagram<\/a><br \/>\u2192 <a href=\\\"https:\/\/www.facebook.com\/gretchen.club\/\\\">Facebook<\/a><\/p>\",\r\n      \"align\": \"top\",\r\n      \"row\": 4,\r\n      \"col\": 8,\r\n      \"colspan\": 4,\r\n      \"offsetx\": 0,\r\n      \"offsety\": 0,\r\n      \"spaceabove\": 0,\r\n      \"spacebelow\": 0,\r\n      \"yvel\": 1,\r\n      \"push\": 0,\r\n      \"relid\": 243,\r\n      \"frameOverflow\": \"\"\r\n    },\r\n    {\r\n      \"type\": \"hr\",\r\n      \"cont\": \"\",\r\n      \"align\": \"top\",\r\n      \"row\": 5,\r\n      \"col\": 0,\r\n      \"colspan\": 12,\r\n      \"offsetx\": 0,\r\n      \"offsety\": 0,\r\n      \"spaceabove\": 0,\r\n      \"spacebelow\": 0,\r\n      \"yvel\": 1,\r\n      \"push\": 0,\r\n      \"relid\": 7,\r\n      \"frameOverflow\": \"\"\r\n    }\r\n  ]\r\n}","phonegrid":"","_links":{"self":[{"href":"https:\/\/2022.tagderclubkultur.berlin\/en\/wp-json\/wp\/v2\/posts\/2140","targetHints":{"allow":["GET"]}}],"collection":[{"href":"https:\/\/2022.tagderclubkultur.berlin\/en\/wp-json\/wp\/v2\/posts"}],"about":[{"href":"https:\/\/2022.tagderclubkultur.berlin\/en\/wp-json\/wp\/v2\/types\/post"}],"author":[{"embeddable":true,"href":"https:\/\/2022.tagderclubkultur.berlin\/en\/wp-json\/wp\/v2\/users\/1"}],"replies":[{"embeddable":true,"href":"https:\/\/2022.tagderclubkultur.berlin\/en\/wp-json\/wp\/v2\/comments?post=2140"}],"version-history":[{"count":0,"href":"https:\/\/2022.tagderclubkultur.berlin\/en\/wp-json\/wp\/v2\/posts\/2140\/revisions"}],"wp:featuredmedia":[{"embeddable":true,"href":"https:\/\/2022.tagderclubkultur.berlin\/en\/wp-json\/wp\/v2\/media\/2235"}],"wp:attachment":[{"href":"https:\/\/2022.tagderclubkultur.berlin\/en\/wp-json\/wp\/v2\/media?parent=2140"}],"wp:term":[{"taxonomy":"category","embeddable":true,"href":"https:\/\/2022.tagderclubkultur.berlin\/en\/wp-json\/wp\/v2\/categories?post=2140"},{"taxonomy":"post_tag","embeddable":true,"href":"https:\/\/2022.tagderclubkultur.berlin\/en\/wp-json\/wp\/v2\/tags?post=2140"}],"curies":[{"name":"wp","href":"https:\/\/api.w.org\/{rel}","templated":true}]}}