{"id":2143,"date":"2022-09-23T13:57:33","date_gmt":"2021-08-22T09:02:51","guid":{"rendered":"https:\/\/tagderclubkultur.berlin\/?p=2143"},"modified":"2022-09-29T09:25:12","modified_gmt":"2022-09-29T09:25:12","slug":"brenn","status":"publish","type":"post","link":"https:\/\/2022.tagderclubkultur.berlin\/en\/brenn\/","title":{"rendered":"BRENN. | Tag der Clubkultur"},"content":{"rendered":"","protected":false},"excerpt":{"rendered":"","protected":false},"author":1,"featured_media":2232,"comment_status":"closed","ping_status":"closed","sticky":false,"template":"","format":"standard","meta":{"inline_featured_image":false},"categories":[21],"tags":[],"class_list":["post-2143","post","type-post","status-publish","has-post-thumbnail","hentry","category-09-10"],"yoast_head":"<!-- This site is optimized with the Yoast SEO plugin v27.4 - https:\/\/yoast.com\/product\/yoast-seo-wordpress\/ -->\n<title>BRENN. | Tag der Clubkultur - TAG DER CLUBKULTUR<\/title>\n<meta name=\"robots\" content=\"index, follow, max-snippet:-1, max-image-preview:large, max-video-preview:-1\" \/>\n<link rel=\"canonical\" href=\"https:\/\/2022.tagderclubkultur.berlin\/en\/brenn\/\" \/>\n<meta property=\"og:locale\" content=\"de_DE\" \/>\n<meta property=\"og:type\" content=\"article\" \/>\n<meta property=\"og:title\" content=\"BRENN. | Tag der Clubkultur - TAG DER CLUBKULTUR\" \/>\n<meta property=\"og:url\" content=\"https:\/\/2022.tagderclubkultur.berlin\/en\/brenn\/\" \/>\n<meta property=\"og:site_name\" content=\"TAG DER CLUBKULTUR\" \/>\n<meta property=\"article:published_time\" content=\"2021-08-22T09:02:51+00:00\" \/>\n<meta property=\"article:modified_time\" content=\"2022-09-29T09:25:12+00:00\" \/>\n<meta property=\"og:image\" content=\"https:\/\/2022.tagderclubkultur.berlin\/wp-content\/uploads\/sites\/20\/2022\/09\/tdc-cover-34.png\" \/>\n\t<meta property=\"og:image:width\" content=\"1000\" \/>\n\t<meta property=\"og:image:height\" content=\"1000\" \/>\n\t<meta property=\"og:image:type\" content=\"image\/png\" \/>\n<meta name=\"author\" content=\"Marco Herzog\" \/>\n<meta name=\"twitter:card\" content=\"summary_large_image\" \/>\n<meta name=\"twitter:label1\" content=\"Verfasst von\" \/>\n\t<meta name=\"twitter:data1\" content=\"Marco Herzog\" \/>\n<script type=\"application\/ld+json\" class=\"yoast-schema-graph\">{\"@context\":\"https:\\\/\\\/schema.org\",\"@graph\":[{\"@type\":\"Article\",\"@id\":\"https:\\\/\\\/2022.tagderclubkultur.berlin\\\/en\\\/brenn\\\/#article\",\"isPartOf\":{\"@id\":\"https:\\\/\\\/2022.tagderclubkultur.berlin\\\/en\\\/brenn\\\/\"},\"author\":{\"name\":\"Marco Herzog\",\"@id\":\"https:\\\/\\\/2022.tagderclubkultur.berlin\\\/#\\\/schema\\\/person\\\/fa1aa11d81bb56220db2870c56ddbb72\"},\"headline\":\"BRENN. | Tag der Clubkultur\",\"datePublished\":\"2021-08-22T09:02:51+00:00\",\"dateModified\":\"2022-09-29T09:25:12+00:00\",\"mainEntityOfPage\":{\"@id\":\"https:\\\/\\\/2022.tagderclubkultur.berlin\\\/en\\\/brenn\\\/\"},\"wordCount\":4,\"image\":{\"@id\":\"https:\\\/\\\/2022.tagderclubkultur.berlin\\\/en\\\/brenn\\\/#primaryimage\"},\"thumbnailUrl\":\"https:\\\/\\\/2022.tagderclubkultur.berlin\\\/wp-content\\\/uploads\\\/sites\\\/20\\\/2022\\\/09\\\/tdc-cover-34.png\",\"articleSection\":[\"09.10.\"],\"inLanguage\":\"de\"},{\"@type\":\"WebPage\",\"@id\":\"https:\\\/\\\/2022.tagderclubkultur.berlin\\\/en\\\/brenn\\\/\",\"url\":\"https:\\\/\\\/2022.tagderclubkultur.berlin\\\/en\\\/brenn\\\/\",\"name\":\"BRENN. | Tag der Clubkultur - TAG DER CLUBKULTUR\",\"isPartOf\":{\"@id\":\"https:\\\/\\\/2022.tagderclubkultur.berlin\\\/#website\"},\"primaryImageOfPage\":{\"@id\":\"https:\\\/\\\/2022.tagderclubkultur.berlin\\\/en\\\/brenn\\\/#primaryimage\"},\"image\":{\"@id\":\"https:\\\/\\\/2022.tagderclubkultur.berlin\\\/en\\\/brenn\\\/#primaryimage\"},\"thumbnailUrl\":\"https:\\\/\\\/2022.tagderclubkultur.berlin\\\/wp-content\\\/uploads\\\/sites\\\/20\\\/2022\\\/09\\\/tdc-cover-34.png\",\"datePublished\":\"2021-08-22T09:02:51+00:00\",\"dateModified\":\"2022-09-29T09:25:12+00:00\",\"author\":{\"@id\":\"https:\\\/\\\/2022.tagderclubkultur.berlin\\\/#\\\/schema\\\/person\\\/fa1aa11d81bb56220db2870c56ddbb72\"},\"breadcrumb\":{\"@id\":\"https:\\\/\\\/2022.tagderclubkultur.berlin\\\/en\\\/brenn\\\/#breadcrumb\"},\"inLanguage\":\"de\",\"potentialAction\":[{\"@type\":\"ReadAction\",\"target\":[\"https:\\\/\\\/2022.tagderclubkultur.berlin\\\/en\\\/brenn\\\/\"]}]},{\"@type\":\"ImageObject\",\"inLanguage\":\"de\",\"@id\":\"https:\\\/\\\/2022.tagderclubkultur.berlin\\\/en\\\/brenn\\\/#primaryimage\",\"url\":\"https:\\\/\\\/2022.tagderclubkultur.berlin\\\/wp-content\\\/uploads\\\/sites\\\/20\\\/2022\\\/09\\\/tdc-cover-34.png\",\"contentUrl\":\"https:\\\/\\\/2022.tagderclubkultur.berlin\\\/wp-content\\\/uploads\\\/sites\\\/20\\\/2022\\\/09\\\/tdc-cover-34.png\",\"width\":1000,\"height\":1000},{\"@type\":\"BreadcrumbList\",\"@id\":\"https:\\\/\\\/2022.tagderclubkultur.berlin\\\/en\\\/brenn\\\/#breadcrumb\",\"itemListElement\":[{\"@type\":\"ListItem\",\"position\":1,\"name\":\"Home\",\"item\":\"https:\\\/\\\/2022.tagderclubkultur.berlin\\\/\"},{\"@type\":\"ListItem\",\"position\":2,\"name\":\"BRENN. | Tag der Clubkultur\"}]},{\"@type\":\"WebSite\",\"@id\":\"https:\\\/\\\/2022.tagderclubkultur.berlin\\\/#website\",\"url\":\"https:\\\/\\\/2022.tagderclubkultur.berlin\\\/\",\"name\":\"TAG DER CLUBKULTUR\",\"description\":\"\",\"potentialAction\":[{\"@type\":\"SearchAction\",\"target\":{\"@type\":\"EntryPoint\",\"urlTemplate\":\"https:\\\/\\\/2022.tagderclubkultur.berlin\\\/?s={search_term_string}\"},\"query-input\":{\"@type\":\"PropertyValueSpecification\",\"valueRequired\":true,\"valueName\":\"search_term_string\"}}],\"inLanguage\":\"de\"},{\"@type\":\"Person\",\"@id\":\"https:\\\/\\\/2022.tagderclubkultur.berlin\\\/#\\\/schema\\\/person\\\/fa1aa11d81bb56220db2870c56ddbb72\",\"name\":\"Marco Herzog\",\"image\":{\"@type\":\"ImageObject\",\"inLanguage\":\"de\",\"@id\":\"https:\\\/\\\/secure.gravatar.com\\\/avatar\\\/451bae2586fdb6bf756b250dfbde647d3a166eb67d5591e38f7c8877cbc19300?s=96&d=mm&r=g\",\"url\":\"https:\\\/\\\/secure.gravatar.com\\\/avatar\\\/451bae2586fdb6bf756b250dfbde647d3a166eb67d5591e38f7c8877cbc19300?s=96&d=mm&r=g\",\"contentUrl\":\"https:\\\/\\\/secure.gravatar.com\\\/avatar\\\/451bae2586fdb6bf756b250dfbde647d3a166eb67d5591e38f7c8877cbc19300?s=96&d=mm&r=g\",\"caption\":\"Marco Herzog\"},\"url\":\"https:\\\/\\\/2022.tagderclubkultur.berlin\\\/en\\\/author\\\/marcoherzog\\\/\"}]}<\/script>\n<!-- \/ Yoast SEO plugin. -->","yoast_head_json":{"title":"BRENN. | Tag der Clubkultur - TAG DER CLUBKULTUR","robots":{"index":"index","follow":"follow","max-snippet":"max-snippet:-1","max-image-preview":"max-image-preview:large","max-video-preview":"max-video-preview:-1"},"canonical":"https:\/\/2022.tagderclubkultur.berlin\/en\/brenn\/","og_locale":"de_DE","og_type":"article","og_title":"BRENN. | Tag der Clubkultur - TAG DER CLUBKULTUR","og_url":"https:\/\/2022.tagderclubkultur.berlin\/en\/brenn\/","og_site_name":"TAG DER CLUBKULTUR","article_published_time":"2021-08-22T09:02:51+00:00","article_modified_time":"2022-09-29T09:25:12+00:00","og_image":[{"width":1000,"height":1000,"url":"https:\/\/2022.tagderclubkultur.berlin\/wp-content\/uploads\/sites\/20\/2022\/09\/tdc-cover-34.png","type":"image\/png"}],"author":"Marco Herzog","twitter_card":"summary_large_image","twitter_misc":{"Verfasst von":"Marco Herzog"},"schema":{"@context":"https:\/\/schema.org","@graph":[{"@type":"Article","@id":"https:\/\/2022.tagderclubkultur.berlin\/en\/brenn\/#article","isPartOf":{"@id":"https:\/\/2022.tagderclubkultur.berlin\/en\/brenn\/"},"author":{"name":"Marco Herzog","@id":"https:\/\/2022.tagderclubkultur.berlin\/#\/schema\/person\/fa1aa11d81bb56220db2870c56ddbb72"},"headline":"BRENN. | Tag der Clubkultur","datePublished":"2021-08-22T09:02:51+00:00","dateModified":"2022-09-29T09:25:12+00:00","mainEntityOfPage":{"@id":"https:\/\/2022.tagderclubkultur.berlin\/en\/brenn\/"},"wordCount":4,"image":{"@id":"https:\/\/2022.tagderclubkultur.berlin\/en\/brenn\/#primaryimage"},"thumbnailUrl":"https:\/\/2022.tagderclubkultur.berlin\/wp-content\/uploads\/sites\/20\/2022\/09\/tdc-cover-34.png","articleSection":["09.10."],"inLanguage":"de"},{"@type":"WebPage","@id":"https:\/\/2022.tagderclubkultur.berlin\/en\/brenn\/","url":"https:\/\/2022.tagderclubkultur.berlin\/en\/brenn\/","name":"BRENN. | Tag der Clubkultur - TAG DER CLUBKULTUR","isPartOf":{"@id":"https:\/\/2022.tagderclubkultur.berlin\/#website"},"primaryImageOfPage":{"@id":"https:\/\/2022.tagderclubkultur.berlin\/en\/brenn\/#primaryimage"},"image":{"@id":"https:\/\/2022.tagderclubkultur.berlin\/en\/brenn\/#primaryimage"},"thumbnailUrl":"https:\/\/2022.tagderclubkultur.berlin\/wp-content\/uploads\/sites\/20\/2022\/09\/tdc-cover-34.png","datePublished":"2021-08-22T09:02:51+00:00","dateModified":"2022-09-29T09:25:12+00:00","author":{"@id":"https:\/\/2022.tagderclubkultur.berlin\/#\/schema\/person\/fa1aa11d81bb56220db2870c56ddbb72"},"breadcrumb":{"@id":"https:\/\/2022.tagderclubkultur.berlin\/en\/brenn\/#breadcrumb"},"inLanguage":"de","potentialAction":[{"@type":"ReadAction","target":["https:\/\/2022.tagderclubkultur.berlin\/en\/brenn\/"]}]},{"@type":"ImageObject","inLanguage":"de","@id":"https:\/\/2022.tagderclubkultur.berlin\/en\/brenn\/#primaryimage","url":"https:\/\/2022.tagderclubkultur.berlin\/wp-content\/uploads\/sites\/20\/2022\/09\/tdc-cover-34.png","contentUrl":"https:\/\/2022.tagderclubkultur.berlin\/wp-content\/uploads\/sites\/20\/2022\/09\/tdc-cover-34.png","width":1000,"height":1000},{"@type":"BreadcrumbList","@id":"https:\/\/2022.tagderclubkultur.berlin\/en\/brenn\/#breadcrumb","itemListElement":[{"@type":"ListItem","position":1,"name":"Home","item":"https:\/\/2022.tagderclubkultur.berlin\/"},{"@type":"ListItem","position":2,"name":"BRENN. | Tag der Clubkultur"}]},{"@type":"WebSite","@id":"https:\/\/2022.tagderclubkultur.berlin\/#website","url":"https:\/\/2022.tagderclubkultur.berlin\/","name":"TAG DER CLUBKULTUR","description":"","potentialAction":[{"@type":"SearchAction","target":{"@type":"EntryPoint","urlTemplate":"https:\/\/2022.tagderclubkultur.berlin\/?s={search_term_string}"},"query-input":{"@type":"PropertyValueSpecification","valueRequired":true,"valueName":"search_term_string"}}],"inLanguage":"de"},{"@type":"Person","@id":"https:\/\/2022.tagderclubkultur.berlin\/#\/schema\/person\/fa1aa11d81bb56220db2870c56ddbb72","name":"Marco Herzog","image":{"@type":"ImageObject","inLanguage":"de","@id":"https:\/\/secure.gravatar.com\/avatar\/451bae2586fdb6bf756b250dfbde647d3a166eb67d5591e38f7c8877cbc19300?s=96&d=mm&r=g","url":"https:\/\/secure.gravatar.com\/avatar\/451bae2586fdb6bf756b250dfbde647d3a166eb67d5591e38f7c8877cbc19300?s=96&d=mm&r=g","contentUrl":"https:\/\/secure.gravatar.com\/avatar\/451bae2586fdb6bf756b250dfbde647d3a166eb67d5591e38f7c8877cbc19300?s=96&d=mm&r=g","caption":"Marco Herzog"},"url":"https:\/\/2022.tagderclubkultur.berlin\/en\/author\/marcoherzog\/"}]}},"grid":"{\r\n  \"colCount\": 12,\r\n  \"colGutter\": 1,\r\n  \"rowGutters\": [\r\n    5,\r\n    5,\r\n    5,\r\n    5,\r\n    5\r\n  ],\r\n  \"frameMargin\": 1,\r\n  \"topFrameMargin\": 200,\r\n  \"bottomFrameMargin\": 5,\r\n  \"rowAttrs\": [\r\n    {},\r\n    {},\r\n    {},\r\n    {},\r\n    {},\r\n    {}\r\n  ],\r\n  \"bgColor\": null,\r\n  \"cont\": [\r\n    {\r\n      \"type\": \"text\",\r\n      \"cont\": \"<p class=\\\"_BIG\\\">BRENN. | Tag der Clubkultur<\/p>\",\r\n      \"align\": \"top\",\r\n      \"row\": 0,\r\n      \"col\": 0,\r\n      \"colspan\": 8,\r\n      \"offsetx\": 0,\r\n      \"offsety\": 0,\r\n      \"spaceabove\": 0,\r\n      \"spacebelow\": 0,\r\n      \"yvel\": 1,\r\n      \"push\": 0,\r\n      \"relid\": 4\r\n    },\r\n    {\r\n      \"type\": \"text\",\r\n      \"cont\": \"<p class=\\\"_Mono\\\">Der diesj\u00e4hrige Tag der Clubkultur BRENN. Berlin wird von Aeden Berlin gehostet. Das Tages-Event findet am Sonntag, den 09.10.2022 von 15 Uhr bis sp\u00e4t in die Nacht statt und wird eine Mischung aus einer retrospektiven Ausstellung \u00fcber 5 Jahre Community Building, Workshops, Vortr\u00e4gen, einem kleinen Sonntagsmarkt und jeder Menge DJ-Sets und Live-Musik auf mehreren Floors sein.<\/p><p class=\\\"_Mono\\\">Erst k\u00fcrzlich feierte BRENN. sein 5-j\u00e4hriges Bestehen, daher werden wir eine Mischung aus Fotos, Flyern und Videos aus unserem Archiv ausstellen. Diese Reise ist ein fortlaufender kollektiver Prozess. Wir laden die G\u00e4ste ein, zur Ausstellung beizutragen, indem sie pers\u00f6nliche Notizen zum diesj\u00e4hrigen TDC-Thema und dessen Bezug zu BRENN. hinzuf\u00fcgen.<\/p><p class=\\\"_Mono\\\">Im Mittelpunkt der BRENN. steht die Zusammenarbeit. Aus diesem Grund haben wir DJ Sher\u00f8 eingeladen, ein Mini-Showcase mit den K\u00fcnstler:innen ihres KlubKid Record Labels zu veranstalten. KlubKid Records wurde im April 2020 gegr\u00fcndet, gerade als die Pandemie unerwartet zuschlug und hatte daher einen etwas holprigen Start. Die Gr\u00fcnderin Sher\u00f8 wollte queeren elektronischen K\u00fcnstler:innen mit einem starken Bezug zu Berlin ein Zuhause geben. Langsam aber sicher wuchs ein kleines, aber feines Portfolio mit K\u00fcnstler:innen wie Dornika, Karma She, Electrosexual, Pepper Levain und Joy Wellboy. Jetzt, zwei Jahre sp\u00e4ter, verw\u00f6hnen uns die Klubkid-K\u00fcnstler mit ihrer allerersten Label-Sampler-Nacht.<\/p><p class=\\\"_Mono\\\">Der Mainfloor wird von Mitbegr\u00fcnderin Lewamm Ghebremariam mit einem Panel zum Thema Community Building er\u00f6ffnet. Danach gibt es eine Reihe von Workshops, an denen man teilnehmen kann. Dazu geh\u00f6ren der Bewegungsworkshop mit Alvin von Dose of Pleasure, die Entdeckung der Liebe zu Vinyl mit Jana Falcon, die Einf\u00fchrung in CDJs mit Flemish Fetish und mehr.<\/p><p class=\\\"_Mono\\\">Im Garten wird es einen kleinen Markt geben, auf dem Unternehmen aus unserer Gemeinde ihre Waren und Services verkaufen werden. Da BRENN. immer neue Talente aus der Community hervorhebt und f\u00f6rdert, werden wir ein Open-Deck-Konzept im Garten anbieten. Bitte meldet euch per E-Mail an, wenn ihr an diesem Tag ein Set spielen wollt: berlin.brenn@gmail.com<\/p><p class=\\\"_Mono\\\">Der Eintritt ist spendenbasiert. Das vollst\u00e4ndige Line-Up und den Zeitplan findet ihr unter @brenn.berlin auf Instagram.<\/p><p class=\\\"_Mono\\\"><br \/>LINK<br \/>\u2192 <a href=\\\"https:\/\/www.instagram.com\/brenn.berlin\/\\\">Instagram<\/a><\/p>\",\r\n      \"align\": \"top\",\r\n      \"row\": 1,\r\n      \"col\": 0,\r\n      \"colspan\": 5,\r\n      \"offsetx\": 0,\r\n      \"offsety\": 0,\r\n      \"spaceabove\": 0,\r\n      \"spacebelow\": 0,\r\n      \"yvel\": 1,\r\n      \"push\": 0,\r\n      \"relid\": 407,\r\n      \"frameOverflow\": \"\"\r\n    },\r\n    {\r\n      \"type\": \"text\",\r\n      \"cont\": \"<p class=\\\"_Mono\\\">ART DER VERANSTALTUNG:<br \/>Ausstellung, Workshops, Panels + DJ Sets<\/p><p class=\\\"_Mono\\\"><br \/>DATUM<\/p><p class=\\\"_Mono\\\">09.10.<\/p><p>\u00a0<\/p><p class=\\\"_Mono\\\">ZEIT<\/p><p class=\\\"_Mono\\\">15 - 0 Uhr<\/p><p>\u00a0<\/p><p class=\\\"_Mono\\\">LOCATION<\/p><p class=\\\"_Mono\\\">\u00c6DEN<br \/>Schleusenufer 3<\/p><p class=\\\"_Mono\\\">10997 Berlin-Kreuzberg<br \/><br \/>TICKETPREIS<br \/>Auf Spendenbasis<\/p>\",\r\n      \"align\": \"top\",\r\n      \"row\": 1,\r\n      \"col\": 5,\r\n      \"colspan\": 4,\r\n      \"offsetx\": 0,\r\n      \"offsety\": 0,\r\n      \"spaceabove\": 0,\r\n      \"spacebelow\": 0,\r\n      \"yvel\": 1,\r\n      \"push\": 0,\r\n      \"relid\": 6\r\n    },\r\n    {\r\n      \"type\": \"hr\",\r\n      \"cont\": \"\",\r\n      \"align\": \"top\",\r\n      \"row\": 2,\r\n      \"col\": 0,\r\n      \"colspan\": 12,\r\n      \"offsetx\": 0,\r\n      \"offsety\": 0,\r\n      \"spaceabove\": 0,\r\n      \"spacebelow\": 0,\r\n      \"yvel\": 1,\r\n      \"push\": 0,\r\n      \"relid\": 8,\r\n      \"frameOverflow\": \"\"\r\n    },\r\n    {\r\n      \"type\": \"text\",\r\n      \"cont\": \"<p class=\\\"_BIG\\\">Brenn.<\/p>\",\r\n      \"align\": \"top\",\r\n      \"row\": 3,\r\n      \"col\": 0,\r\n      \"colspan\": 8,\r\n      \"offsetx\": 0,\r\n      \"offsety\": 0,\r\n      \"spaceabove\": 0,\r\n      \"spacebelow\": 0,\r\n      \"yvel\": 1,\r\n      \"push\": 0,\r\n      \"relid\": 244\r\n    },\r\n    {\r\n      \"type\": \"text\",\r\n      \"cont\": \"<p class=\\\"_Mono\\\">BRENN. ist ein Queer- und BiPOC-zentriertes Kollektiv mit einer starken Hingabe an die beste House-Musik der 90er. Auf ihrer Tanzfl\u00e4che erwartet dich Chicago-, Acid- und Deep-House-Musik gemischt mit dem wilden Sound der 90er Jahre. Die BRENN.-Partys drehen sich um Inklusivit\u00e4t und sie wollen die LGBTQIA+ &amp; BiPOC-Community durch die Schaffung einer sichereren Umgebung st\u00e4rken.<\/p>\",\r\n      \"align\": \"top\",\r\n      \"row\": 4,\r\n      \"col\": 0,\r\n      \"colspan\": 8,\r\n      \"offsetx\": 0,\r\n      \"offsety\": 0,\r\n      \"spaceabove\": 0,\r\n      \"spacebelow\": 0,\r\n      \"yvel\": 1,\r\n      \"push\": 0,\r\n      \"relid\": 5\r\n    },\r\n    {\r\n      \"type\": \"text\",\r\n      \"cont\": \"<p class=\\\"_Mono\\\">SOCIAL MEDIA<br \/>\u2192 <a href=\\\"https:\/\/www.instagram.com\/brenn.berlin\/\\\">Instagram<\/a><br \/>\u2192 <a href=\\\"https:\/\/www.facebook.com\/brennberlin\\\">Facebook<\/a><\/p>\",\r\n      \"align\": \"top\",\r\n      \"row\": 4,\r\n      \"col\": 8,\r\n      \"colspan\": 4,\r\n      \"offsetx\": 0,\r\n      \"offsety\": 0,\r\n      \"spaceabove\": 0,\r\n      \"spacebelow\": 0,\r\n      \"yvel\": 1,\r\n      \"push\": 0,\r\n      \"relid\": 243\r\n    },\r\n    {\r\n      \"type\": \"hr\",\r\n      \"cont\": \"\",\r\n      \"align\": \"top\",\r\n      \"row\": 5,\r\n      \"col\": 0,\r\n      \"colspan\": 12,\r\n      \"offsetx\": 0,\r\n      \"offsety\": 0,\r\n      \"spaceabove\": 0,\r\n      \"spacebelow\": 0,\r\n      \"yvel\": 1,\r\n      \"push\": 0,\r\n      \"relid\": 7,\r\n      \"frameOverflow\": \"\"\r\n    }\r\n  ]\r\n}","phonegrid":"","_links":{"self":[{"href":"https:\/\/2022.tagderclubkultur.berlin\/en\/wp-json\/wp\/v2\/posts\/2143","targetHints":{"allow":["GET"]}}],"collection":[{"href":"https:\/\/2022.tagderclubkultur.berlin\/en\/wp-json\/wp\/v2\/posts"}],"about":[{"href":"https:\/\/2022.tagderclubkultur.berlin\/en\/wp-json\/wp\/v2\/types\/post"}],"author":[{"embeddable":true,"href":"https:\/\/2022.tagderclubkultur.berlin\/en\/wp-json\/wp\/v2\/users\/1"}],"replies":[{"embeddable":true,"href":"https:\/\/2022.tagderclubkultur.berlin\/en\/wp-json\/wp\/v2\/comments?post=2143"}],"version-history":[{"count":0,"href":"https:\/\/2022.tagderclubkultur.berlin\/en\/wp-json\/wp\/v2\/posts\/2143\/revisions"}],"wp:featuredmedia":[{"embeddable":true,"href":"https:\/\/2022.tagderclubkultur.berlin\/en\/wp-json\/wp\/v2\/media\/2232"}],"wp:attachment":[{"href":"https:\/\/2022.tagderclubkultur.berlin\/en\/wp-json\/wp\/v2\/media?parent=2143"}],"wp:term":[{"taxonomy":"category","embeddable":true,"href":"https:\/\/2022.tagderclubkultur.berlin\/en\/wp-json\/wp\/v2\/categories?post=2143"},{"taxonomy":"post_tag","embeddable":true,"href":"https:\/\/2022.tagderclubkultur.berlin\/en\/wp-json\/wp\/v2\/tags?post=2143"}],"curies":[{"name":"wp","href":"https:\/\/api.w.org\/{rel}","templated":true}]}}