{"id":2275,"date":"2022-09-27T17:18:12","date_gmt":"2021-08-22T09:02:51","guid":{"rendered":"https:\/\/tagderclubkultur.berlin\/?p=2275"},"modified":"2022-09-29T09:37:34","modified_gmt":"2022-09-29T09:37:34","slug":"eventtitel-4","status":"publish","type":"post","link":"https:\/\/2022.tagderclubkultur.berlin\/en\/eventtitel-4\/","title":{"rendered":"Sun Bloom Festival"},"content":{"rendered":"","protected":false},"excerpt":{"rendered":"","protected":false},"author":1,"featured_media":2270,"comment_status":"closed","ping_status":"closed","sticky":false,"template":"","format":"standard","meta":{"inline_featured_image":false},"categories":[18],"tags":[],"class_list":["post-2275","post","type-post","status-publish","has-post-thumbnail","hentry","category-06-10"],"yoast_head":"<!-- This site is optimized with the Yoast SEO plugin v27.4 - https:\/\/yoast.com\/product\/yoast-seo-wordpress\/ -->\n<title>Sun Bloom Festival - TAG DER CLUBKULTUR<\/title>\n<meta name=\"robots\" content=\"index, follow, max-snippet:-1, max-image-preview:large, max-video-preview:-1\" \/>\n<link rel=\"canonical\" href=\"https:\/\/2022.tagderclubkultur.berlin\/en\/eventtitel-4\/\" \/>\n<meta property=\"og:locale\" content=\"de_DE\" \/>\n<meta property=\"og:type\" content=\"article\" \/>\n<meta property=\"og:title\" content=\"Sun Bloom Festival - TAG DER CLUBKULTUR\" \/>\n<meta property=\"og:url\" content=\"https:\/\/2022.tagderclubkultur.berlin\/en\/eventtitel-4\/\" \/>\n<meta property=\"og:site_name\" content=\"TAG DER CLUBKULTUR\" \/>\n<meta property=\"article:published_time\" content=\"2021-08-22T09:02:51+00:00\" \/>\n<meta property=\"article:modified_time\" content=\"2022-09-29T09:37:34+00:00\" \/>\n<meta property=\"og:image\" content=\"https:\/\/2022.tagderclubkultur.berlin\/wp-content\/uploads\/sites\/20\/2022\/09\/tdc-cover-39.png\" \/>\n\t<meta property=\"og:image:width\" content=\"1000\" \/>\n\t<meta property=\"og:image:height\" content=\"1000\" \/>\n\t<meta property=\"og:image:type\" content=\"image\/png\" \/>\n<meta name=\"author\" content=\"Marco Herzog\" \/>\n<meta name=\"twitter:card\" content=\"summary_large_image\" \/>\n<meta name=\"twitter:label1\" content=\"Verfasst von\" \/>\n\t<meta name=\"twitter:data1\" content=\"Marco Herzog\" \/>\n<script type=\"application\/ld+json\" class=\"yoast-schema-graph\">{\"@context\":\"https:\\\/\\\/schema.org\",\"@graph\":[{\"@type\":\"Article\",\"@id\":\"https:\\\/\\\/2022.tagderclubkultur.berlin\\\/en\\\/eventtitel-4\\\/#article\",\"isPartOf\":{\"@id\":\"https:\\\/\\\/2022.tagderclubkultur.berlin\\\/en\\\/eventtitel-4\\\/\"},\"author\":{\"name\":\"Marco Herzog\",\"@id\":\"https:\\\/\\\/2022.tagderclubkultur.berlin\\\/#\\\/schema\\\/person\\\/fa1aa11d81bb56220db2870c56ddbb72\"},\"headline\":\"Sun Bloom Festival\",\"datePublished\":\"2021-08-22T09:02:51+00:00\",\"dateModified\":\"2022-09-29T09:37:34+00:00\",\"mainEntityOfPage\":{\"@id\":\"https:\\\/\\\/2022.tagderclubkultur.berlin\\\/en\\\/eventtitel-4\\\/\"},\"wordCount\":3,\"image\":{\"@id\":\"https:\\\/\\\/2022.tagderclubkultur.berlin\\\/en\\\/eventtitel-4\\\/#primaryimage\"},\"thumbnailUrl\":\"https:\\\/\\\/2022.tagderclubkultur.berlin\\\/wp-content\\\/uploads\\\/sites\\\/20\\\/2022\\\/09\\\/tdc-cover-39.png\",\"articleSection\":[\"06.10.\"],\"inLanguage\":\"de\"},{\"@type\":\"WebPage\",\"@id\":\"https:\\\/\\\/2022.tagderclubkultur.berlin\\\/en\\\/eventtitel-4\\\/\",\"url\":\"https:\\\/\\\/2022.tagderclubkultur.berlin\\\/en\\\/eventtitel-4\\\/\",\"name\":\"Sun Bloom Festival - TAG DER CLUBKULTUR\",\"isPartOf\":{\"@id\":\"https:\\\/\\\/2022.tagderclubkultur.berlin\\\/#website\"},\"primaryImageOfPage\":{\"@id\":\"https:\\\/\\\/2022.tagderclubkultur.berlin\\\/en\\\/eventtitel-4\\\/#primaryimage\"},\"image\":{\"@id\":\"https:\\\/\\\/2022.tagderclubkultur.berlin\\\/en\\\/eventtitel-4\\\/#primaryimage\"},\"thumbnailUrl\":\"https:\\\/\\\/2022.tagderclubkultur.berlin\\\/wp-content\\\/uploads\\\/sites\\\/20\\\/2022\\\/09\\\/tdc-cover-39.png\",\"datePublished\":\"2021-08-22T09:02:51+00:00\",\"dateModified\":\"2022-09-29T09:37:34+00:00\",\"author\":{\"@id\":\"https:\\\/\\\/2022.tagderclubkultur.berlin\\\/#\\\/schema\\\/person\\\/fa1aa11d81bb56220db2870c56ddbb72\"},\"breadcrumb\":{\"@id\":\"https:\\\/\\\/2022.tagderclubkultur.berlin\\\/en\\\/eventtitel-4\\\/#breadcrumb\"},\"inLanguage\":\"de\",\"potentialAction\":[{\"@type\":\"ReadAction\",\"target\":[\"https:\\\/\\\/2022.tagderclubkultur.berlin\\\/en\\\/eventtitel-4\\\/\"]}]},{\"@type\":\"ImageObject\",\"inLanguage\":\"de\",\"@id\":\"https:\\\/\\\/2022.tagderclubkultur.berlin\\\/en\\\/eventtitel-4\\\/#primaryimage\",\"url\":\"https:\\\/\\\/2022.tagderclubkultur.berlin\\\/wp-content\\\/uploads\\\/sites\\\/20\\\/2022\\\/09\\\/tdc-cover-39.png\",\"contentUrl\":\"https:\\\/\\\/2022.tagderclubkultur.berlin\\\/wp-content\\\/uploads\\\/sites\\\/20\\\/2022\\\/09\\\/tdc-cover-39.png\",\"width\":1000,\"height\":1000},{\"@type\":\"BreadcrumbList\",\"@id\":\"https:\\\/\\\/2022.tagderclubkultur.berlin\\\/en\\\/eventtitel-4\\\/#breadcrumb\",\"itemListElement\":[{\"@type\":\"ListItem\",\"position\":1,\"name\":\"Home\",\"item\":\"https:\\\/\\\/2022.tagderclubkultur.berlin\\\/\"},{\"@type\":\"ListItem\",\"position\":2,\"name\":\"Sun Bloom Festival\"}]},{\"@type\":\"WebSite\",\"@id\":\"https:\\\/\\\/2022.tagderclubkultur.berlin\\\/#website\",\"url\":\"https:\\\/\\\/2022.tagderclubkultur.berlin\\\/\",\"name\":\"TAG DER CLUBKULTUR\",\"description\":\"\",\"potentialAction\":[{\"@type\":\"SearchAction\",\"target\":{\"@type\":\"EntryPoint\",\"urlTemplate\":\"https:\\\/\\\/2022.tagderclubkultur.berlin\\\/?s={search_term_string}\"},\"query-input\":{\"@type\":\"PropertyValueSpecification\",\"valueRequired\":true,\"valueName\":\"search_term_string\"}}],\"inLanguage\":\"de\"},{\"@type\":\"Person\",\"@id\":\"https:\\\/\\\/2022.tagderclubkultur.berlin\\\/#\\\/schema\\\/person\\\/fa1aa11d81bb56220db2870c56ddbb72\",\"name\":\"Marco Herzog\",\"image\":{\"@type\":\"ImageObject\",\"inLanguage\":\"de\",\"@id\":\"https:\\\/\\\/secure.gravatar.com\\\/avatar\\\/451bae2586fdb6bf756b250dfbde647d3a166eb67d5591e38f7c8877cbc19300?s=96&d=mm&r=g\",\"url\":\"https:\\\/\\\/secure.gravatar.com\\\/avatar\\\/451bae2586fdb6bf756b250dfbde647d3a166eb67d5591e38f7c8877cbc19300?s=96&d=mm&r=g\",\"contentUrl\":\"https:\\\/\\\/secure.gravatar.com\\\/avatar\\\/451bae2586fdb6bf756b250dfbde647d3a166eb67d5591e38f7c8877cbc19300?s=96&d=mm&r=g\",\"caption\":\"Marco Herzog\"},\"url\":\"https:\\\/\\\/2022.tagderclubkultur.berlin\\\/en\\\/author\\\/marcoherzog\\\/\"}]}<\/script>\n<!-- \/ Yoast SEO plugin. -->","yoast_head_json":{"title":"Sun Bloom Festival - TAG DER CLUBKULTUR","robots":{"index":"index","follow":"follow","max-snippet":"max-snippet:-1","max-image-preview":"max-image-preview:large","max-video-preview":"max-video-preview:-1"},"canonical":"https:\/\/2022.tagderclubkultur.berlin\/en\/eventtitel-4\/","og_locale":"de_DE","og_type":"article","og_title":"Sun Bloom Festival - TAG DER CLUBKULTUR","og_url":"https:\/\/2022.tagderclubkultur.berlin\/en\/eventtitel-4\/","og_site_name":"TAG DER CLUBKULTUR","article_published_time":"2021-08-22T09:02:51+00:00","article_modified_time":"2022-09-29T09:37:34+00:00","og_image":[{"width":1000,"height":1000,"url":"https:\/\/2022.tagderclubkultur.berlin\/wp-content\/uploads\/sites\/20\/2022\/09\/tdc-cover-39.png","type":"image\/png"}],"author":"Marco Herzog","twitter_card":"summary_large_image","twitter_misc":{"Verfasst von":"Marco Herzog"},"schema":{"@context":"https:\/\/schema.org","@graph":[{"@type":"Article","@id":"https:\/\/2022.tagderclubkultur.berlin\/en\/eventtitel-4\/#article","isPartOf":{"@id":"https:\/\/2022.tagderclubkultur.berlin\/en\/eventtitel-4\/"},"author":{"name":"Marco Herzog","@id":"https:\/\/2022.tagderclubkultur.berlin\/#\/schema\/person\/fa1aa11d81bb56220db2870c56ddbb72"},"headline":"Sun Bloom Festival","datePublished":"2021-08-22T09:02:51+00:00","dateModified":"2022-09-29T09:37:34+00:00","mainEntityOfPage":{"@id":"https:\/\/2022.tagderclubkultur.berlin\/en\/eventtitel-4\/"},"wordCount":3,"image":{"@id":"https:\/\/2022.tagderclubkultur.berlin\/en\/eventtitel-4\/#primaryimage"},"thumbnailUrl":"https:\/\/2022.tagderclubkultur.berlin\/wp-content\/uploads\/sites\/20\/2022\/09\/tdc-cover-39.png","articleSection":["06.10."],"inLanguage":"de"},{"@type":"WebPage","@id":"https:\/\/2022.tagderclubkultur.berlin\/en\/eventtitel-4\/","url":"https:\/\/2022.tagderclubkultur.berlin\/en\/eventtitel-4\/","name":"Sun Bloom Festival - TAG DER CLUBKULTUR","isPartOf":{"@id":"https:\/\/2022.tagderclubkultur.berlin\/#website"},"primaryImageOfPage":{"@id":"https:\/\/2022.tagderclubkultur.berlin\/en\/eventtitel-4\/#primaryimage"},"image":{"@id":"https:\/\/2022.tagderclubkultur.berlin\/en\/eventtitel-4\/#primaryimage"},"thumbnailUrl":"https:\/\/2022.tagderclubkultur.berlin\/wp-content\/uploads\/sites\/20\/2022\/09\/tdc-cover-39.png","datePublished":"2021-08-22T09:02:51+00:00","dateModified":"2022-09-29T09:37:34+00:00","author":{"@id":"https:\/\/2022.tagderclubkultur.berlin\/#\/schema\/person\/fa1aa11d81bb56220db2870c56ddbb72"},"breadcrumb":{"@id":"https:\/\/2022.tagderclubkultur.berlin\/en\/eventtitel-4\/#breadcrumb"},"inLanguage":"de","potentialAction":[{"@type":"ReadAction","target":["https:\/\/2022.tagderclubkultur.berlin\/en\/eventtitel-4\/"]}]},{"@type":"ImageObject","inLanguage":"de","@id":"https:\/\/2022.tagderclubkultur.berlin\/en\/eventtitel-4\/#primaryimage","url":"https:\/\/2022.tagderclubkultur.berlin\/wp-content\/uploads\/sites\/20\/2022\/09\/tdc-cover-39.png","contentUrl":"https:\/\/2022.tagderclubkultur.berlin\/wp-content\/uploads\/sites\/20\/2022\/09\/tdc-cover-39.png","width":1000,"height":1000},{"@type":"BreadcrumbList","@id":"https:\/\/2022.tagderclubkultur.berlin\/en\/eventtitel-4\/#breadcrumb","itemListElement":[{"@type":"ListItem","position":1,"name":"Home","item":"https:\/\/2022.tagderclubkultur.berlin\/"},{"@type":"ListItem","position":2,"name":"Sun Bloom Festival"}]},{"@type":"WebSite","@id":"https:\/\/2022.tagderclubkultur.berlin\/#website","url":"https:\/\/2022.tagderclubkultur.berlin\/","name":"TAG DER CLUBKULTUR","description":"","potentialAction":[{"@type":"SearchAction","target":{"@type":"EntryPoint","urlTemplate":"https:\/\/2022.tagderclubkultur.berlin\/?s={search_term_string}"},"query-input":{"@type":"PropertyValueSpecification","valueRequired":true,"valueName":"search_term_string"}}],"inLanguage":"de"},{"@type":"Person","@id":"https:\/\/2022.tagderclubkultur.berlin\/#\/schema\/person\/fa1aa11d81bb56220db2870c56ddbb72","name":"Marco Herzog","image":{"@type":"ImageObject","inLanguage":"de","@id":"https:\/\/secure.gravatar.com\/avatar\/451bae2586fdb6bf756b250dfbde647d3a166eb67d5591e38f7c8877cbc19300?s=96&d=mm&r=g","url":"https:\/\/secure.gravatar.com\/avatar\/451bae2586fdb6bf756b250dfbde647d3a166eb67d5591e38f7c8877cbc19300?s=96&d=mm&r=g","contentUrl":"https:\/\/secure.gravatar.com\/avatar\/451bae2586fdb6bf756b250dfbde647d3a166eb67d5591e38f7c8877cbc19300?s=96&d=mm&r=g","caption":"Marco Herzog"},"url":"https:\/\/2022.tagderclubkultur.berlin\/en\/author\/marcoherzog\/"}]}},"grid":"{\r\n  \"colCount\": 12,\r\n  \"colGutter\": 1,\r\n  \"rowGutters\": [\r\n    5,\r\n    5,\r\n    5,\r\n    5,\r\n    5\r\n  ],\r\n  \"frameMargin\": 1,\r\n  \"topFrameMargin\": 200,\r\n  \"bottomFrameMargin\": 5,\r\n  \"rowAttrs\": [\r\n    {},\r\n    {},\r\n    {},\r\n    {},\r\n    {},\r\n    {}\r\n  ],\r\n  \"bgColor\": null,\r\n  \"cont\": [\r\n    {\r\n      \"type\": \"text\",\r\n      \"cont\": \"<p><span style=\\\"font-size: 60px;\\\">Sun Bloom Festival<\/span><\/p>\",\r\n      \"align\": \"top\",\r\n      \"row\": 0,\r\n      \"col\": 0,\r\n      \"colspan\": 8,\r\n      \"offsetx\": 0,\r\n      \"offsety\": 0,\r\n      \"spaceabove\": 0,\r\n      \"spacebelow\": 0,\r\n      \"yvel\": 1,\r\n      \"push\": 0,\r\n      \"relid\": 4\r\n    },\r\n    {\r\n      \"type\": \"text\",\r\n      \"cont\": \"<p class=\\\"_Mono\\\">Die Sonne leuchtet auf und ihre goldenen Strahlen scheinen auf das Land, w\u00e4hrend die Landschaft der aufgehenden Sonne begegnet, wie ein stolzes Kind seinen Eltern. Ihr helles Licht enth\u00fcllt die vielen Strukturen und Risse in ihrem K\u00f6rper und legt alles frei, was in der Dunkelheit verborgen war. Es enth\u00fcllt eine Vielfalt von Gelb-, Bernstein-, Biskuitt\u00f6nen und D\u00fcften der Wahrheit, w\u00e4hrend die W\u00e4rme langsam den Morgentau aus deinen Augen verschwinden l\u00e4sst. Das Terrain bricht in Jubelrufe aus, wenn die Hitze alle Narben und den Schmutz wegtaut und durchbrennt, um dich von allem zu befreien, was unsichtbar war. Eine leuchtende Offenbarung, die die Heilung beginnen l\u00e4sst. Die Zeit ist gekommen, um lebendig zu werden und die Sonne erstrahlen zu lassen.<\/p><p class=\\\"_Mono\\\"><br \/>House of Living Colors und c1 collective pr\u00e4sentieren: Das Sun Bloom Festival, ein Abend mit Podiumsdiskussionen, Live-Konzerten, atemberaubenden Drag- und Performance-Acts und einem DJ-Line-up, dem keine H\u00fcfte widerstehen kann. Kuratiert vom House of Living Colors, dem ersten und einzigen BIPOC-fokussierten (Black-Indigenous-People of Color) Drag- und Performance-Kollektiv Berlins und zum zweiten Mal vom Tag der Club Kultur ausgezeichnet, schreibt das vielseitige House wieder einmal Geschichte mit Mic-Dropping, kritischem Denken, \u00fcberirdischen Performance-Acts und musikalischer BIPOC-Exzellenz, gehostet vom legend\u00e4ren SO36.<\/p><p>\u00a0<\/p><p class=\\\"_Mono\\\">Erlebt mit uns einen Abend voller Heilung, Freude, Gl\u00fcck und Unterhaltung als letztes Ausatmen vor dem Winter.<\/p><p class=\\\"_Mono\\\">\u00a0<\/p><p class=\\\"_Mono\\\">LINE-UP<br \/>XA Psyborg, Blazeyy, Jordan Chanetsa, AKA Kelzz, Lola Rose, Brown Sugar Biscuit, Selma Bodie, BLACKPEARL, Jota and House of Brownies!<\/p><p>\u00a0<\/p><p class=\\\"_Mono\\\">Mit DJ sets von: Bad Puppy, Kursiv, Auco, Aries Hand Model and c1 collective<\/p><p class=\\\"_Mono\\\"><br \/>LINK<br \/>\u2192 <a href=\\\"https:\/\/www.eventbrite.com\/e\/sun-bloom-festival-tickets-427246424557\\\">Eventbrite<\/a><\/p>\",\r\n      \"align\": \"top\",\r\n      \"row\": 1,\r\n      \"col\": 0,\r\n      \"colspan\": 5,\r\n      \"offsetx\": 0,\r\n      \"offsety\": 0,\r\n      \"spaceabove\": 0,\r\n      \"spacebelow\": 0,\r\n      \"yvel\": 1,\r\n      \"push\": 0,\r\n      \"relid\": 407,\r\n      \"frameOverflow\": \"\"\r\n    },\r\n    {\r\n      \"type\": \"text\",\r\n      \"cont\": \"<p class=\\\"_Mono\\\">ART DER VERANSTALTUNG: <br \/>Panels, Live Performances, Drag, Konzerte, DJ Sets<\/p><p>\u00a0<\/p><p class=\\\"_Mono\\\">DATUM<\/p><p class=\\\"_Mono\\\">06.10.<\/p><p>\u00a0<\/p><p class=\\\"_Mono\\\">ZEIT<\/p><p class=\\\"_Mono\\\">17 - 04 Uhr<\/p><p>\u00a0<\/p><p class=\\\"_Mono\\\">LOCATION<\/p><p class=\\\"_Mono\\\">SO36<\/p><p class=\\\"_Mono\\\">Oranienstra\u00dfe 190<\/p><p class=\\\"_Mono\\\">10999 Berlin<\/p><p class=\\\"_Mono\\\">Kreuzberg<br \/><br \/>TICKETPREIS<br \/>15 \u20ac<\/p>\",\r\n      \"align\": \"top\",\r\n      \"row\": 1,\r\n      \"col\": 5,\r\n      \"colspan\": 4,\r\n      \"offsetx\": 0,\r\n      \"offsety\": 0,\r\n      \"spaceabove\": 0,\r\n      \"spacebelow\": 0,\r\n      \"yvel\": 1,\r\n      \"push\": 0,\r\n      \"relid\": 6,\r\n      \"frameOverflow\": \"\"\r\n    },\r\n    {\r\n      \"type\": \"carousel\",\r\n      \"cont\": \"\",\r\n      \"align\": \"top\",\r\n      \"row\": 1,\r\n      \"col\": 9,\r\n      \"colspan\": 3,\r\n      \"offsetx\": 0,\r\n      \"offsety\": 0,\r\n      \"spaceabove\": 0,\r\n      \"spacebelow\": 0,\r\n      \"yvel\": 1,\r\n      \"push\": 0,\r\n      \"relid\": 557,\r\n      \"carousel_options\": {\r\n        \"random\": false,\r\n        \"autoplay\": false,\r\n        \"showMultipleSlides\": false,\r\n        \"freeScroll\": false,\r\n        \"mousewheelScroll\": false,\r\n        \"size\": \"fixedHeight\",\r\n        \"slidesWidth\": \"null\",\r\n        \"transition\": \"sliding\",\r\n        \"loop\": false,\r\n        \"spaceBetween\": 0,\r\n        \"captionsUnderSlides\": false,\r\n        \"fixedHeight\": \"50vh\",\r\n        \"fillSlides\": false\r\n      },\r\n      \"carousel\": [\r\n        {\r\n          \"type\": \"img\",\r\n          \"attid\": 2277,\r\n          \"cont\": \"\/wp-content\/uploads\/sites\/20\/2022\/09\/thumbnail.jpeg\",\r\n          \"sizes\": {\r\n            \"full\": \"\/wp-content\/uploads\/sites\/20\/2022\/09\/thumbnail.jpeg\",\r\n            \"_1024\": \"\/wp-content\/uploads\/sites\/20\/2022\/09\/thumbnail-1024x1280.jpeg\",\r\n            \"_768\": \"\/wp-content\/uploads\/sites\/20\/2022\/09\/thumbnail-768x960.jpeg\",\r\n            \"_512\": \"\/wp-content\/uploads\/sites\/20\/2022\/09\/thumbnail-512x640.jpeg\",\r\n            \"_265\": \"\/wp-content\/uploads\/sites\/20\/2022\/09\/thumbnail-265x331.jpeg\"\r\n          },\r\n          \"w\": 1080,\r\n          \"h\": 1350,\r\n          \"ar\": 1.25,\r\n          \"alt\": \"\"\r\n        }\r\n      ]\r\n    },\r\n    {\r\n      \"type\": \"hr\",\r\n      \"cont\": \"\",\r\n      \"align\": \"top\",\r\n      \"row\": 2,\r\n      \"col\": 0,\r\n      \"colspan\": 12,\r\n      \"offsetx\": 0,\r\n      \"offsety\": 0,\r\n      \"spaceabove\": 0,\r\n      \"spacebelow\": 0,\r\n      \"yvel\": 1,\r\n      \"push\": 0,\r\n      \"relid\": 8,\r\n      \"frameOverflow\": \"\"\r\n    },\r\n    {\r\n      \"type\": \"text\",\r\n      \"cont\": \"<p class=\\\"_BIG\\\">House of living Colors<\/p>\",\r\n      \"align\": \"top\",\r\n      \"row\": 3,\r\n      \"col\": 0,\r\n      \"colspan\": 8,\r\n      \"offsetx\": 0,\r\n      \"offsety\": 0,\r\n      \"spaceabove\": 0,\r\n      \"spacebelow\": 0,\r\n      \"yvel\": 1,\r\n      \"push\": 0,\r\n      \"relid\": 244\r\n    },\r\n    {\r\n      \"type\": \"text\",\r\n      \"cont\": \"<p class=\\\"_Mono\\\">HOUSE OF LIVING COLORS ist ein offenes Drag- und Performance-Kollektiv speziell f\u00fcr queere und trans Schwarze und People of Color (QTBIPoC), das nach mehreren Exklusionserfahrungen seitens der queeren Mainstream-Community gegr\u00fcndet wurde. Seit seiner Gr\u00fcndung im Jahr 2018 hat es bereits mehrere Club- und Shown\u00e4chte in Berlin veranstaltet.<\/p><p class=\\\"_Mono\\\">\u00a0<\/p><p class=\\\"_Mono\\\">Das Kollektiv besteht aus Menschen mit verschiedenen Hintergr\u00fcnden, von denen viele aus L\u00e4ndern kommen, in denen es politisch gef\u00e4hrlich ist, offen LGBTQ+ zu sein, und sowohl zu Gef\u00e4ngnis oder Tod f\u00fchren kann, sich dort zur eigenen Identit\u00e4t bekennt. 80 % der Mitglieder des Hauses identifizieren sich als trans oder nicht-bin\u00e4r, was zur intersektionalen Haltung und Praxis des Kollektivs f\u00fchrt.<\/p>\",\r\n      \"align\": \"top\",\r\n      \"row\": 4,\r\n      \"col\": 0,\r\n      \"colspan\": 8,\r\n      \"offsetx\": 0,\r\n      \"offsety\": 0,\r\n      \"spaceabove\": 0,\r\n      \"spacebelow\": 0,\r\n      \"yvel\": 1,\r\n      \"push\": 0,\r\n      \"relid\": 5\r\n    },\r\n    {\r\n      \"type\": \"text\",\r\n      \"cont\": \"<p class=\\\"_Mono\\\">SOCIAL MEDIA<br \/>\u2192 <a href=\\\"https:\/\/www.instagram.com\/houseoflivingcolors\/\\\">Instagram<\/a><br \/>\u2192 <a href=\\\"https:\/\/www.facebook.com\/houseoflivingcolors\\\">Facebook<\/a><\/p>\",\r\n      \"align\": \"top\",\r\n      \"row\": 4,\r\n      \"col\": 8,\r\n      \"colspan\": 4,\r\n      \"offsetx\": 0,\r\n      \"offsety\": 0,\r\n      \"spaceabove\": 0,\r\n      \"spacebelow\": 0,\r\n      \"yvel\": 1,\r\n      \"push\": 0,\r\n      \"relid\": 243,\r\n      \"frameOverflow\": \"\"\r\n    },\r\n    {\r\n      \"type\": \"hr\",\r\n      \"cont\": \"\",\r\n      \"align\": \"top\",\r\n      \"row\": 5,\r\n      \"col\": 0,\r\n      \"colspan\": 12,\r\n      \"offsetx\": 0,\r\n      \"offsety\": 0,\r\n      \"spaceabove\": 0,\r\n      \"spacebelow\": 0,\r\n      \"yvel\": 1,\r\n      \"push\": 0,\r\n      \"relid\": 7,\r\n      \"frameOverflow\": \"\"\r\n    }\r\n  ]\r\n}","phonegrid":"","_links":{"self":[{"href":"https:\/\/2022.tagderclubkultur.berlin\/en\/wp-json\/wp\/v2\/posts\/2275","targetHints":{"allow":["GET"]}}],"collection":[{"href":"https:\/\/2022.tagderclubkultur.berlin\/en\/wp-json\/wp\/v2\/posts"}],"about":[{"href":"https:\/\/2022.tagderclubkultur.berlin\/en\/wp-json\/wp\/v2\/types\/post"}],"author":[{"embeddable":true,"href":"https:\/\/2022.tagderclubkultur.berlin\/en\/wp-json\/wp\/v2\/users\/1"}],"replies":[{"embeddable":true,"href":"https:\/\/2022.tagderclubkultur.berlin\/en\/wp-json\/wp\/v2\/comments?post=2275"}],"version-history":[{"count":0,"href":"https:\/\/2022.tagderclubkultur.berlin\/en\/wp-json\/wp\/v2\/posts\/2275\/revisions"}],"wp:featuredmedia":[{"embeddable":true,"href":"https:\/\/2022.tagderclubkultur.berlin\/en\/wp-json\/wp\/v2\/media\/2270"}],"wp:attachment":[{"href":"https:\/\/2022.tagderclubkultur.berlin\/en\/wp-json\/wp\/v2\/media?parent=2275"}],"wp:term":[{"taxonomy":"category","embeddable":true,"href":"https:\/\/2022.tagderclubkultur.berlin\/en\/wp-json\/wp\/v2\/categories?post=2275"},{"taxonomy":"post_tag","embeddable":true,"href":"https:\/\/2022.tagderclubkultur.berlin\/en\/wp-json\/wp\/v2\/tags?post=2275"}],"curies":[{"name":"wp","href":"https:\/\/api.w.org\/{rel}","templated":true}]}}